{"id":24595,"date":"2018-01-06T11:55:31","date_gmt":"2018-01-06T10:55:31","guid":{"rendered":"https:\/\/songfestival.be\/?p=24595"},"modified":"2018-02-26T12:03:15","modified_gmt":"2018-02-26T11:03:15","slug":"herbekijk-hier-alle-voorrondes","status":"publish","type":"post","link":"https:\/\/songfestival.be\/en\/voorrondes-2018\/herbekijk-hier-alle-voorrondes\/","title":{"rendered":"Rewatch all national finals"},"content":{"rendered":"<p class=\"post-p-lead\">Underneath you can find links for rewatching all national finals for the 2018 Eurovision Song Contest. We will try to keep this list as updated as possible, though links may disappear or become geoblocked. If you spot any mistakes or alternative links, do not hesitate to send us an email at <a href=\"mailto:info@songfestival.be\" target=\"_blank\" rel=\"noopener\">info@songfestival.be<\/a>.<\/p>\n<p><strong><img loading=\"lazy\" decoding=\"async\" class=\"size-full wp-image-12404 alignnone\" src=\"https:\/\/songfestival.be\/wp-content\/uploads\/2016\/12\/Albania-Flag-16.png\" alt=\"\" width=\"16\" height=\"16\" \/>\u00a0Albania:\u00a0<em>Festivali i K\u00ebng\u00ebs<\/em><\/strong><br \/>\n<a href=\"https:\/\/www.facebook.com\/FestivaliRTSH\/videos\/2069663316597518\/\" target=\"_blank\" rel=\"noopener\">Semi Final 1 (21 December 2017)<\/a><br \/>\n<a href=\"https:\/\/www.facebook.com\/FestivaliRTSH\/videos\/2070112319885951\/\" target=\"_blank\" rel=\"noopener\">Semi Final 2 (22 December 2017)<\/a><br \/>\n<a href=\"https:\/\/www.youtube.com\/watch?v=8ZWEv2Un5nA\" target=\"_blank\" rel=\"noopener\">Final (23 December 2017)<\/a><\/p>\n<p><img loading=\"lazy\" decoding=\"async\" class=\"alignnone size-full wp-image-12499\" src=\"https:\/\/songfestival.be\/wp-content\/uploads\/2016\/12\/Armenia-Flag-16.png\" alt=\"\" width=\"16\" height=\"16\" \/>\u00a0<strong>Armenia:\u00a0<em>Depi Evratesil<\/em><\/strong><br \/>\n<a href=\"https:\/\/www.youtube.com\/watch?v=sGoeGuZOSLM\" target=\"_blank\" rel=\"noopener\">Semi Final 1 (19 February 2018)<\/a><br \/>\n<a href=\"https:\/\/www.youtube.com\/watch?v=9YpJZ-jjp8s\" target=\"_blank\" rel=\"noopener\">Semi Final 2 (22 February 2018)<\/a><br \/>\n<a href=\"https:\/\/www.youtube.com\/watch?v=AmLW4zqL5M4\" target=\"_blank\" rel=\"noopener\">Final (25 February 2018)<\/a><\/p>\n<p><img loading=\"lazy\" decoding=\"async\" class=\"alignnone size-full wp-image-3513\" src=\"https:\/\/songfestival.be\/wp-content\/uploads\/2016\/01\/Belarus-Flag-16.png\" alt=\"\" width=\"16\" height=\"16\" \/>\u00a0<strong>Belarus:\u00a0<em>Eurofest<\/em><\/strong><br \/>\nFinal (16 February 2018)<\/p>\n<p><img loading=\"lazy\" decoding=\"async\" class=\"alignnone size-full wp-image-4319\" src=\"https:\/\/songfestival.be\/wp-content\/uploads\/2016\/02\/Denmark16.png\" alt=\"\" width=\"16\" height=\"16\" \/>\u00a0<strong>Denmark:\u00a0<em>Dansk Melodi Grand Prix<\/em><\/strong><br \/>\n<a href=\"https:\/\/www.dr.dk\/tv\/se\/dansk-melodi-grand-prix-2018\/-\/dansk-melodi-grand-prix-2018#!\/00:00\" target=\"_blank\" rel=\"noopener\">Final (10 February 2018)<\/a><\/p>\n<p><img loading=\"lazy\" decoding=\"async\" class=\"alignnone size-full wp-image-4320\" src=\"https:\/\/songfestival.be\/wp-content\/uploads\/2016\/02\/Estonia-16.png\" alt=\"\" width=\"16\" height=\"16\" \/>\u00a0<strong>Estonia:\u00a0<em>Eesti Laul<\/em><\/strong><br \/>\n<a href=\"https:\/\/etv.err.ee\/v\/meelelahutus\/eesti_laul\/saated\/c9dd7d54-6fb5-4e4d-bdc8-c73c0a2cba80\/eesti-laul-2018-1-poolfinaal\" target=\"_blank\" rel=\"noopener\">Semi Final 1 (10 February 2018)<\/a><br \/>\n<a href=\"https:\/\/etv.err.ee\/v\/meelelahutus\/eesti_laul\/saated\/7fa40b83-ea29-4d38-a0d9-5ac6e280a4a9\/eesti-laul-2018-2-poolfinaal\" target=\"_blank\" rel=\"noopener\">Semi Final 2 (17 February 2018)<\/a><\/p>\n<p><img loading=\"lazy\" decoding=\"async\" class=\"size-full wp-image-6166 alignnone\" src=\"https:\/\/songfestival.be\/wp-content\/uploads\/2016\/03\/France-Flag-16.png\" alt=\"\" width=\"16\" height=\"16\" \/>\u00a0<strong>France:\u00a0<em>Destination Eurovision<\/em><\/strong><br \/>\n<a href=\"https:\/\/www.facebook.com\/EurovisionFrance2\/videos\/1844017725889432\/\" target=\"_blank\" rel=\"noopener\">Semi Final 1 (13 January 2018)<\/a><br \/>\n<a href=\"https:\/\/www.facebook.com\/EurovisionFrance2\/videos\/1846554828969055\/\" target=\"_blank\" rel=\"noopener\">Semi Final 2 (20 January 2018)<\/a><br \/>\n<a href=\"https:\/\/www.facebook.com\/EurovisionFrance2\/videos\/1849845798639958\/\" target=\"_blank\" rel=\"noopener\">Final (27 January 2018)<\/a><\/p>\n<p><img loading=\"lazy\" decoding=\"async\" class=\"alignnone size-full wp-image-13597\" src=\"https:\/\/songfestival.be\/wp-content\/uploads\/2017\/02\/Germany-Flag-16.png\" alt=\"\" width=\"16\" height=\"16\" \/>\u00a0<strong>Germany:\u00a0<em>Unser Lied f\u00fcr Lissabon<\/em><\/strong><br \/>\n<a href=\"https:\/\/www.youtube.com\/watch?v=4Bo5dWZCZfo\" target=\"_blank\" rel=\"noopener\">Final (22 February 2018)<\/a><\/p>\n<p><img loading=\"lazy\" decoding=\"async\" class=\"size-full wp-image-3526 alignnone\" src=\"https:\/\/songfestival.be\/wp-content\/uploads\/2016\/01\/Hungary-Flag-16.png\" alt=\"\" width=\"16\" height=\"16\" \/>\u00a0<strong>Hungary:\u00a0<em>A Dal<\/em><\/strong><br \/>\n<a href=\"https:\/\/www.mediaklikk.hu\/video\/a-dal-2018-1-valogato-2018-01-20-i-adas\/\" target=\"_blank\" rel=\"noopener\">Heat 1 (20 January 2018)<\/a><br \/>\n<a href=\"https:\/\/adal.hu\/video\/2018\/01\/27\/a-dal-2018-masodik-valogato-257\" target=\"_blank\" rel=\"noopener\">Heat 2 (27 Januari 2018)<\/a><br \/>\n<a href=\"https:\/\/adal.hu\/video\/2018\/02\/03\/a-dal-2018-harmadik-valogato-379\" target=\"_blank\" rel=\"noopener\">Heat 3 (3 February 2018)<\/a><br \/>\n<a href=\"https:\/\/adal.hu\/video\/2018\/02\/11\/a-dal-2018-elso-elodonto-543\" target=\"_blank\" rel=\"noopener\">Semi Final 1 (10 February 2018)<\/a><br \/>\n<a href=\"https:\/\/adal.hu\/video\/2018\/02\/17\/a-dal-2018-masodik-elodonto-629\" target=\"_blank\" rel=\"noopener\">Semi Final 2 (17 February 2018)<\/a><br \/>\n<a href=\"https:\/\/adal.hu\/video\/2018\/02\/24\/a-dal-2018-donto-721\" target=\"_blank\" rel=\"noopener\">Final (24 February 2018)<\/a><\/p>\n<p><img loading=\"lazy\" decoding=\"async\" class=\"alignnone size-full wp-image-3991\" src=\"https:\/\/songfestival.be\/wp-content\/uploads\/2016\/01\/Iceland-Flag-16.png\" alt=\"\" width=\"16\" height=\"16\" \/>\u00a0<strong>Iceland:\u00a0<em>S\u00f6ngvakeppnin<\/em><\/strong><br \/>\n<a href=\"http:\/\/www.ruv.is\/sarpurinn\/ruv\/songvakeppnin-2018\/20180210\" target=\"_blank\" rel=\"noopener\">Semi Final 1 (10 February 2018)<\/a><br \/>\n<a href=\"http:\/\/www.ruv.is\/spila\/ruv\/songvakeppnin-2018\/20180217\" target=\"_blank\" rel=\"noopener\">Semi Final 2 (17 February 2018)<\/a><\/p>\n<p><img loading=\"lazy\" decoding=\"async\" class=\"alignnone size-full wp-image-4321\" src=\"https:\/\/songfestival.be\/wp-content\/uploads\/2016\/02\/Italy-Flag-16.png\" alt=\"\" width=\"16\" height=\"16\" \/>\u00a0<strong>Italy:\u00a0<em>Sanremo Music Festival<\/em><\/strong><br \/>\n<a href=\"http:\/\/www.raiplay.it\/video\/2018\/01\/Sanremo-2018-68-Festival-della-Canzone-Italiana-prima-serata-8029a449-46d2-408a-9cba-5d7d939a5555.html\" target=\"_blank\" rel=\"noopener\">Night 1 (6 February 2018)<\/a><br \/>\n<a href=\"http:\/\/www.raiplay.it\/video\/2018\/01\/Sanremo-2018-68-Festival-della-Canzone-Italiana-seconda-serata-30e959a7-c04f-4528-bbff-c5ff4ad9f80b.html\" target=\"_blank\" rel=\"noopener\">Night 2 (7 February 2018)<\/a><br \/>\n<a href=\"http:\/\/www.raiplay.it\/video\/2018\/01\/Sanremo-2018-68-Festival-della-Canzone-Italiana-terza-serata-e87afc92-6dec-48bd-baae-31726bdf38e2.html\" target=\"_blank\" rel=\"noopener\">Night 3 (8 February 2018)<\/a><br \/>\n<a href=\"http:\/\/www.raiplay.it\/video\/2018\/02\/Sanremo-2018-68-Festival-della-Canzone-Italiana-quarta-serata-5c8f94db-ed54-4af8-942b-5f6c43d3f197.html\" target=\"_blank\" rel=\"noopener\">Night 4 (9 February 2018)<\/a><br \/>\n<a href=\"http:\/\/www.raiplay.it\/video\/2018\/02\/Sanremo-2018-68-Festival-della-Canzone-Italiana-finale-bfa4d275-d48b-4aa5-a0b6-4689bb6bb690.html\" target=\"_blank\" rel=\"noopener\">Final (10 February 2018)<\/a><\/p>\n<p><img loading=\"lazy\" decoding=\"async\" class=\"alignnone size-full wp-image-4931\" src=\"https:\/\/songfestival.be\/wp-content\/uploads\/2016\/02\/Latvia-Flag-16.png\" alt=\"\" width=\"16\" height=\"16\" \/>\u00a0<strong>Latvia:\u00a0<em>Supernova<\/em><\/strong><br \/>\n<a href=\"https:\/\/www.facebook.com\/supernovaLTV\/videos\/936401346509784\/\" target=\"_blank\" rel=\"noopener\">Semi Final 1 (3 February 2018)<\/a><br \/>\n<a href=\"https:\/\/www.facebook.com\/supernovaLTV\/videos\/939596589523593\/\" target=\"_blank\" rel=\"noopener\">Semi Final 2 (10 February 2018)<\/a><br \/>\n<a href=\"https:\/\/www.facebook.com\/supernovaLTV\/videos\/943087132507872\/\" target=\"_blank\" rel=\"noopener\">Semi Final 3 (17 February 2018)<\/a><br \/>\n<a href=\"https:\/\/www.facebook.com\/supernovaLTV\/videos\/946809855468933\/\" target=\"_blank\" rel=\"noopener\">Final (24 February 2018)<\/a><\/p>\n<p><strong><img loading=\"lazy\" decoding=\"async\" class=\"size-full wp-image-3525 alignnone\" src=\"https:\/\/songfestival.be\/wp-content\/uploads\/2016\/01\/Lithuania-Flag-16.png\" alt=\"\" width=\"16\" height=\"16\" \/>\u00a0Lithuania:\u00a0<em>Eurovizijos<\/em><\/strong><br \/>\n<a href=\"http:\/\/www.lrt.lt\/mediateka\/irasas\/1013682465\/eurovizija#wowzaplaystart=0&amp;wowzaplayduration=7884000\" target=\"_blank\" rel=\"noopener\">Heat 1 (6 January 2018)<\/a><br \/>\n<a href=\"http:\/\/www.lrt.lt\/mediateka\/irasas\/1013683424\/eurovizijos-atranka-senbuvius-nugalejo-ir-debiutantai#wowzaplaystart=0&amp;wowzaplayduration=7032000\" target=\"_blank\" rel=\"noopener\">Heat 2 (20 January 2018)<\/a><br \/>\n<a href=\"http:\/\/www.lrt.lt\/mediateka\/irasas\/1013683424\/eurovizija\" target=\"_blank\" rel=\"noopener\">Heat 3 (27 January 2018)<\/a><br \/>\n<a href=\"http:\/\/www.lrt.lt\/mediateka\/irasas\/1013684423\/eurovizija\" target=\"_blank\" rel=\"noopener\">Heat 4 (3 February 2018)<\/a><br \/>\n<a href=\"http:\/\/www.lrt.lt\/mediateka\/irasas\/1013684925\/eurovizija#wowzaplaystart=0&amp;wowzaplayduration=7097000\" target=\"_blank\" rel=\"noopener\">Heat 5 (10 February 2018)<\/a><br \/>\n<a href=\"http:\/\/www.lrt.lt\/mediateka\/irasas\/1013685348\/eurovizija\" target=\"_blank\" rel=\"noopener\">Heat 6 (17 February 2018)<\/a><br \/>\n<a href=\"http:\/\/www.lrt.lt\/mediateka\/irasas\/1013685806\/eurovizija#wowzaplaystart=0&amp;wowzaplayduration=6596000\/nacionalines-eurovizijos-atrankos-pusfinalis\" target=\"_blank\" rel=\"noopener\">Semi Final 1 (24 February 2018)<\/a><\/p>\n<p><img loading=\"lazy\" decoding=\"async\" class=\"size-full wp-image-3512 alignnone\" src=\"https:\/\/songfestival.be\/wp-content\/uploads\/2016\/01\/Malta-Flag-16.png\" alt=\"\" width=\"16\" height=\"16\" \/>\u00a0<strong>Malta:\u00a0<em>Malta Eurovision Song Contest<\/em><\/strong><br \/>\n<a href=\"https:\/\/www.tvm.com.mt\/mt\/programmes\/malta-eurovision-song-contest-2018\/ondemand\/21301840\/\" target=\"_blank\" rel=\"noopener\">Final (3 February 2018)<\/a><\/p>\n<p><img loading=\"lazy\" decoding=\"async\" class=\"alignnone size-full wp-image-4982\" src=\"https:\/\/songfestival.be\/wp-content\/uploads\/2016\/02\/Moldova-Flag-16.png\" alt=\"\" width=\"16\" height=\"16\" \/>\u00a0<strong>Moldova:\u00a0<em>O Melodie Pentru Europa<\/em><\/strong><br \/>\nFinal (24 February 2018)<\/p>\n<p><img loading=\"lazy\" decoding=\"async\" class=\"alignnone size-full wp-image-15175\" src=\"https:\/\/songfestival.be\/wp-content\/uploads\/2017\/03\/Montenegro16.png\" alt=\"\" width=\"16\" height=\"16\" \/>\u00a0<strong>Montenegro:\u00a0<em>Montevizija<\/em><\/strong><br \/>\nFinal (17 February 2018)<\/p>\n<p><img loading=\"lazy\" decoding=\"async\" class=\"alignnone size-full wp-image-13658\" src=\"https:\/\/songfestival.be\/wp-content\/uploads\/2017\/02\/Portugal-Flag-16.png\" alt=\"\" width=\"16\" height=\"16\" \/>\u00a0<strong>Portugal:\u00a0<em>Festival da Can\u00e7\u00e3o<\/em><\/strong><br \/>\n<a href=\"https:\/\/www.rtp.pt\/play\/p4416\/e331644\/festival-da-cancao-2018\" target=\"_blank\" rel=\"noopener\">Semi Final 1 (18 February 2018)<\/a><br \/>\n<a href=\"https:\/\/www.rtp.pt\/play\/p4416\/e332842\/festival-da-cancao-2018\" target=\"_blank\" rel=\"noopener\">Semi Final 2 (25 February 2018)<\/a><\/p>\n<p><img loading=\"lazy\" decoding=\"async\" class=\"size-full wp-image-14060 alignnone\" src=\"https:\/\/songfestival.be\/wp-content\/uploads\/2017\/02\/Romania-Flag-16.png\" alt=\"\" width=\"16\" height=\"16\" \/>\u00a0<strong>Romania:\u00a0<em>Selec\u0163ia Na\u0163ional\u0103<\/em><\/strong><br \/>\n<a href=\"https:\/\/www.youtube.com\/watch?v=Sgl1iOlz_kQ\" target=\"_blank\" rel=\"noopener\">Semi Final 1 (21 January 2018)<\/a><br \/>\n<a href=\"https:\/\/www.youtube.com\/watch?v=gn2GkkhXn5A\" target=\"_blank\" rel=\"noopener\">Semi Final 2 (28 Januari 2018)<\/a><br \/>\n<a href=\"https:\/\/www.youtube.com\/watch?v=WkOW5ArMcU8\" target=\"_blank\" rel=\"noopener\">Semi Final 3 (4 February 2018)<\/a><br \/>\n<a href=\"https:\/\/www.youtube.com\/watch?v=np4wpkwBAc4\" target=\"_blank\" rel=\"noopener\">Semi Final 4 (11 February 2018)<\/a><br \/>\n<a href=\"https:\/\/www.youtube.com\/watch?v=vtF_iHwe25k\" target=\"_blank\" rel=\"noopener\">Semi Final 5 (18 February 2018)<\/a><br \/>\n<a href=\"https:\/\/www.youtube.com\/watch?v=tB5ZgV1krlU\" target=\"_blank\" rel=\"noopener\">Final (25 February 2018)<\/a><\/p>\n<p><img loading=\"lazy\" decoding=\"async\" class=\"alignnone size-full wp-image-15441\" src=\"https:\/\/songfestival.be\/wp-content\/uploads\/2017\/03\/San-Marino-Flag-16.png\" alt=\"\" width=\"16\" height=\"16\" \/>\u00a0<strong>San Marino:\u00a0<em>1 in 360<\/em><\/strong><br \/>\n<a href=\"https:\/\/www.youtube.com\/watch?v=sjAj4Yq4eho\" target=\"_blank\" rel=\"noopener\">Semi Final 1 (9 February 2018)<\/a><br \/>\n<a href=\"https:\/\/www.youtube.com\/watch?v=QlFlfcYMTHY\" target=\"_blank\" rel=\"noopener\">Semi Final 2 (16 February 2018)<\/a><\/p>\n<p><img loading=\"lazy\" decoding=\"async\" class=\"alignnone size-full wp-image-5011\" src=\"https:\/\/songfestival.be\/wp-content\/uploads\/2016\/02\/Slovenia-Flag-16.png\" alt=\"\" width=\"16\" height=\"16\" \/>\u00a0<strong>Slovenia:\u00a0<em>EMA<\/em><\/strong><br \/>\n<a href=\"http:\/\/4d.rtvslo.si\/arhiv\/ema\/174520871\" target=\"_blank\" rel=\"noopener\">Semi Final (17 February 2018)<\/a><br \/>\n<a href=\"http:\/\/4d.rtvslo.si\/arhiv\/ema\/174522339\" target=\"_blank\" rel=\"noopener\">Final (24 February 2018)<\/a><\/p>\n<p><img loading=\"lazy\" decoding=\"async\" class=\"alignnone size-full wp-image-12986\" src=\"https:\/\/songfestival.be\/wp-content\/uploads\/2017\/01\/Spain-Flag-16.png\" alt=\"\" width=\"16\" height=\"16\" \/>\u00a0<strong>Spain:\u00a0<em><b>Operaci\u00f3n Triunfo<\/b><\/em><\/strong><br \/>\n<a href=\"https:\/\/www.facebook.com\/otdirecto\/videos\/574162806254339\/\" target=\"_blank\" rel=\"noopener\">Eurovision Final (29 January 2018)<\/a><\/p>\n<p><img loading=\"lazy\" decoding=\"async\" class=\"size-full wp-image-3993 alignnone\" src=\"https:\/\/songfestival.be\/wp-content\/uploads\/2016\/01\/Sweden-Flag-16.png\" alt=\"\" width=\"16\" height=\"16\" \/>\u00a0<strong>Sweden:\u00a0<em>Melodifestivalen<\/em><\/strong><br \/>\n<a href=\"https:\/\/www.svtplay.se\/video\/16832738\/melodifestivalen-2018\/melodifestivalen-2018-deltavling-1-deltavling-1?start=auto\" target=\"_blank\" rel=\"noopener\">Semi Final 1 (3 February 2018)<\/a><br \/>\n<a href=\"https:\/\/www.svtplay.se\/video\/16908882\/melodifestivalen-2018\/melodifestivalen-2018-deltavling-2-deltavling-2\" target=\"_blank\" rel=\"noopener\">Semi Final 2 (10 February 2018)<\/a><br \/>\n<a href=\"https:\/\/www.svtplay.se\/video\/16937270\/melodifestivalen-2018\/melodifestivalen-2018-deltavling-3-deltavling-3\" target=\"_blank\" rel=\"noopener\">Semi Final 3 (17 February 2018)<\/a><br \/>\n<a href=\"https:\/\/www.svtplay.se\/video\/17048166\/melodifestivalen-2018\/melodifestivalen-2018-deltavling-4-deltavling-4\" target=\"_blank\" rel=\"noopener\">Semi Final 4 (24 February 2018)<\/a><\/p>\n<p><img loading=\"lazy\" decoding=\"async\" class=\"alignnone size-full wp-image-4322\" src=\"https:\/\/songfestival.be\/wp-content\/uploads\/2016\/02\/Switzerland-Flag-16.png\" alt=\"\" width=\"16\" height=\"16\" \/>\u00a0<strong>Switzerland:\u00a0<em>Entscheidungsshow<\/em><\/strong><br \/>\n<a href=\"https:\/\/www.youtube.com\/watch?v=t2fJ4Ua2RMA\" target=\"_blank\" rel=\"noopener\">Final (4 February 2018)<\/a><\/p>\n<p><img loading=\"lazy\" decoding=\"async\" class=\"alignnone size-full wp-image-3992\" src=\"https:\/\/songfestival.be\/wp-content\/uploads\/2016\/01\/Ukraine-Flag-16.png\" alt=\"\" width=\"16\" height=\"16\" \/>\u00a0<strong>Ukraine:\u00a0<em>Vidbir<\/em><\/strong><br \/>\n<a href=\"https:\/\/www.youtube.com\/watch?v=XNQYR2dxizQ\" target=\"_blank\" rel=\"noopener\">Semi Final 1 (10 February 2018)<\/a><br \/>\n<a href=\"https:\/\/www.youtube.com\/watch?v=4GlDIQcCMcQ\" target=\"_blank\" rel=\"noopener\">Semi Final 2 (17 February 2018)<\/a><br \/>\n<a href=\"https:\/\/www.youtube.com\/watch?v=kH0liNHIYIE\" target=\"_blank\" rel=\"noopener\">Final (24 February 2018)<\/a><\/p>\n<p><img loading=\"lazy\" decoding=\"async\" class=\"alignnone size-full wp-image-12792\" src=\"https:\/\/songfestival.be\/wp-content\/uploads\/2017\/01\/United-Kingdom-Flag-16-1.png\" alt=\"\" width=\"16\" height=\"16\" \/>\u00a0<strong>United Kingdom:\u00a0<em>Eurovision: You Decide<\/em><\/strong><br \/>\n<a href=\"https:\/\/www.youtube.com\/watch?v=RarLSR79u8Q\" target=\"_blank\" rel=\"noopener\">Final (7 February 2018)<\/a><\/p>\n","protected":false},"excerpt":{"rendered":"<p>Alle links vind je hier!<\/p>\n","protected":false},"author":5,"featured_media":23581,"comment_status":"open","ping_status":"closed","sticky":false,"template":"","format":"standard","meta":{"_mi_skip_tracking":false,"_monsterinsights_sitenote_active":false,"_monsterinsights_sitenote_note":"","_monsterinsights_sitenote_category":0,"footnotes":""},"categories":[1447,3837],"tags":[3538,2807,2113,254,219,17,1977,3838,3537,3536,3469,2910,2274,1947,19,2909],"class_list":["post-24595","post","type-post","status-publish","format-standard","has-post-thumbnail","hentry","category-lang_en","category-voorrondes-2018","tag-3538","tag-esc","tag-esf","tag-eurosong","tag-eurovisiesongfestival","tag-eurovision","tag-final","tag-heats","tag-lisboa","tag-lisbon","tag-lissabon","tag-national-finals","tag-nf","tag-semi-final","tag-songfestival","tag-voorrondes"],"translation":{"provider":"WPGlobus","version":"3.0.5","language":"en","enabled_languages":["nl","fr","en"],"languages":{"nl":{"title":true,"content":true,"excerpt":true},"fr":{"title":false,"content":false,"excerpt":false},"en":{"title":true,"content":true,"excerpt":false}}},"_links":{"self":[{"href":"https:\/\/songfestival.be\/en\/wp-json\/wp\/v2\/posts\/24595","targetHints":{"allow":["GET"]}}],"collection":[{"href":"https:\/\/songfestival.be\/en\/wp-json\/wp\/v2\/posts"}],"about":[{"href":"https:\/\/songfestival.be\/en\/wp-json\/wp\/v2\/types\/post"}],"author":[{"embeddable":true,"href":"https:\/\/songfestival.be\/en\/wp-json\/wp\/v2\/users\/5"}],"replies":[{"embeddable":true,"href":"https:\/\/songfestival.be\/en\/wp-json\/wp\/v2\/comments?post=24595"}],"version-history":[{"count":0,"href":"https:\/\/songfestival.be\/en\/wp-json\/wp\/v2\/posts\/24595\/revisions"}],"wp:featuredmedia":[{"embeddable":true,"href":"https:\/\/songfestival.be\/en\/wp-json\/wp\/v2\/media\/23581"}],"wp:attachment":[{"href":"https:\/\/songfestival.be\/en\/wp-json\/wp\/v2\/media?parent=24595"}],"wp:term":[{"taxonomy":"category","embeddable":true,"href":"https:\/\/songfestival.be\/en\/wp-json\/wp\/v2\/categories?post=24595"},{"taxonomy":"post_tag","embeddable":true,"href":"https:\/\/songfestival.be\/en\/wp-json\/wp\/v2\/tags?post=24595"}],"curies":[{"name":"wp","href":"https:\/\/api.w.org\/{rel}","templated":true}]}}