{"id":75286,"date":"2024-12-22T14:54:06","date_gmt":"2024-12-22T13:54:06","guid":{"rendered":"https:\/\/songfestival.be\/?p=75286"},"modified":"2024-12-22T14:54:06","modified_gmt":"2024-12-22T13:54:06","slug":"finale-preselectie-oekraine-op-8-februari","status":"publish","type":"post","link":"https:\/\/songfestival.be\/en\/landen\/ua\/finale-preselectie-oekraine-op-8-februari\/","title":{"rendered":"Finale preselectie Oekra\u00efne op 8 februari"},"content":{"rendered":"<p class=\"post-p-lead\">Oekra\u00efne selecteert op zaterdag 8 februari wie het land mag vertegenwoordigen op het 69e Eurovisiesongfestival in Bazel. Negentig procent van het deelnemersveld is inmiddels bekend.<\/p>\n<p>De Oekra\u00efense omroep Suspilne organiseert opnieuw de nationale voorronde <strong><em>Vidbir<\/em><\/strong>.<\/p>\n<p><em><strong>Negen van de tien finalisten bekend<\/strong><\/em><\/p>\n<p>De omroep ontving <strong>369 inschrijvingen<\/strong> en maakte hiervan een <em>shortlist<\/em> van twintig kandidaten. Negen artiesten zijn al door de omroep geselecteerd en dus zeker van een finaleplek op 8 februari. Het publiek mag uit de overige elf kandidaten \u00e9\u00e9n finalist toevoegen.<\/p>\n<p><em><strong>Deelnemers<\/strong><\/em><\/p>\n<ul>\n<li>Future Culture &#8211; <em>Waste My Time<\/em><\/li>\n<li>KHAYAT &#8211; <em>HONOR<\/em><\/li>\n<li>KRYLATA &#8211; <em>STAY TRUE<\/em><\/li>\n<li>MOLODI &#8211; <em>My Sea<\/em><\/li>\n<li>Ziferblat &#8211; <em>Bird of Prey<\/em><\/li>\n<li>Abiye &#8211; <em>Dim<\/em><\/li>\n<li>DK Enerhetyk &#8211; <em>Sil&#8217;<\/em><\/li>\n<li>Masha Kondratenko &#8211; <em>No Time to Cry<\/em><\/li>\n<li>Vlad Sheryf &#8211; <em>Wind of Change<\/em><\/li>\n<\/ul>\n<p>De liedjes worden op een later moment bekendgemaakt. Meer details over de finale ontbreken ook nog.<\/p>\n<p><strong><em>Tiende finalist<\/em><\/strong><\/p>\n<p>Via een <em>online voting<\/em> mag het Oekra\u00efense publiek nog \u00e9\u00e9n deelnemer toevoegen aan de finale. De tien kanshebbers:<\/p>\n<ul>\n<li>BRYKULETS<\/li>\n<li>ENLEO<\/li>\n<li>FI\u0407NKA<\/li>\n<li>GRISANA<\/li>\n<li>MON FIA<\/li>\n<li>Ranrawi<\/li>\n<li>Starykova Hrystyna<\/li>\n<li>TESLENKO<\/li>\n<li>YAGODY<\/li>\n<li>Muayad<\/li>\n<li>Sluchay Sashu<\/li>\n<\/ul>\n<p>Op 17 januari wordt de laatste finalist aangekondigd.<\/p>\n<p><em><strong>2024<\/strong><\/em><\/p>\n<p>Tijdens de editie van het Songfestival in Bazel behaalde het gelegenheidsduo <strong>Jerry Heil en alyona alyona<\/strong> een derde plek met het nummer <em>Teresa &#038; Maria<\/em>.<\/p>\n<div class=\"youtube\" data-embed=\"d4N82wPpdg8\" data-time=\"0\">\n<div class=\"play-button\">\n<img class=\"play-button\" alt=\"play\" src=\"https:\/\/songfestival.be\/wp-content\/themes\/songfestival\/img\/play.svg\" \/>\n<\/div>\n<\/div>\n","protected":false},"excerpt":{"rendered":"<p>Negen van de tien finalisten zijn al bekend.<\/p>\n","protected":false},"author":46516,"featured_media":71426,"comment_status":"open","ping_status":"closed","sticky":false,"template":"","format":"standard","meta":{"_mi_skip_tracking":false,"_monsterinsights_sitenote_active":false,"_monsterinsights_sitenote_note":"","_monsterinsights_sitenote_category":0},"categories":[7129,371],"tags":[7117,7171,6020,6021,2807,2113,254,6633,7079,3052,6626,3400,6628,219,17,6630,4925,4926,6309,6627,6909,218,6202,7331,19,6634,7170,6624,6632,6631,2216,6625,6629,1291,3913,7330,591],"_links":{"self":[{"href":"https:\/\/songfestival.be\/en\/wp-json\/wp\/v2\/posts\/75286"}],"collection":[{"href":"https:\/\/songfestival.be\/en\/wp-json\/wp\/v2\/posts"}],"about":[{"href":"https:\/\/songfestival.be\/en\/wp-json\/wp\/v2\/types\/post"}],"author":[{"embeddable":true,"href":"https:\/\/songfestival.be\/en\/wp-json\/wp\/v2\/users\/46516"}],"replies":[{"embeddable":true,"href":"https:\/\/songfestival.be\/en\/wp-json\/wp\/v2\/comments?post=75286"}],"version-history":[{"count":0,"href":"https:\/\/songfestival.be\/en\/wp-json\/wp\/v2\/posts\/75286\/revisions"}],"wp:featuredmedia":[{"embeddable":true,"href":"https:\/\/songfestival.be\/en\/wp-json\/wp\/v2\/media\/71426"}],"wp:attachment":[{"href":"https:\/\/songfestival.be\/en\/wp-json\/wp\/v2\/media?parent=75286"}],"wp:term":[{"taxonomy":"category","embeddable":true,"href":"https:\/\/songfestival.be\/en\/wp-json\/wp\/v2\/categories?post=75286"},{"taxonomy":"post_tag","embeddable":true,"href":"https:\/\/songfestival.be\/en\/wp-json\/wp\/v2\/tags?post=75286"}],"curies":[{"name":"wp","href":"https:\/\/api.w.org\/{rel}","templated":true}]}}