{"id":10401,"date":"2016-08-10T12:04:44","date_gmt":"2016-08-10T10:04:44","guid":{"rendered":"https:\/\/songfestival.be\/?p=10401"},"modified":"2016-09-02T09:08:08","modified_gmt":"2016-09-02T07:08:08","slug":"ingekorte-israelische-voorronde-start-in-januari","status":"publish","type":"post","link":"https:\/\/songfestival.be\/fr\/landen\/il\/ingekorte-israelische-voorronde-start-in-januari\/","title":{"rendered":"tronqu\u00e9 pour tour red\u00e9marrage en janvier"},"content":{"rendered":"<p style=\"color: #D49D6E; font-weight: bold;\" class=\"post-p-lead\">Malheureusement, cet article n&rsquo;est pas disponible en fran&ccedil;ais et a &eacute;t&eacute; automatiquement traduit. Veuillez visiter notre <a href=\"http:\/\/songfestival.be\/fr\/\">page d&rsquo;accueil<\/a> pour tout article en fran&ccedil;ais ou ayez un aper&ccedil;u de tous nos articles en fran&ccedil;ais <a href=\"http:\/\/songfestival.be\/fr\/francais\">ici<\/a>.<\/p>\n<p>Tout comme dans les deux derni\u00e8res ann\u00e9es, le candidat isra\u00e9lien pour le concours Eurovision de la chanson est choisi par le biais de la ronde pr\u00e9liminaire <strong> <em>HaKochav Haba La&rsquo;eirovizyion <\/em>(Rising Star pour l\u2019Eurovision)<\/strong>. Cette ann\u00e9e \u00ab, mais \u00ab\u00a0dix spectacles par manque de temps d\u2019antenne. En janvier 2017 ils commenc\u00e8rent.<\/p>\n<p>Apr\u00e8s tous les spectacles <em>HaKochav Haba La&rsquo;eirovizyion <\/em>nous ne sais pas qui est pour Isra\u00ebl au concours Eurovision de la chanson en Ukraine. La chanson elle-m\u00eame est susceptible d\u2019encore \u00eatre choisi <strong>en interne<\/strong> . Les \u00e9ditions pass\u00e9es, livr\u00e9es le talent show mois longtemps des \u00e9missions de t\u00e9l\u00e9vision, mais revenez en 2017 il mais \u00ab\u00a0dix\u00a0\u00bb antenne sur d\u00fb au manque de temps d\u2019antenne et parce que la s\u00e9lection serr\u00e9e planifier pour d\u00e9signer une soumission ne compromet pas. Qui \u00e9crit le journal <strong>Israel Hayom<\/strong><em>.<\/em> La ronde pr\u00e9liminaire d\u00e9butera en janvier.<\/p>\n<p>De suite il n\u2019est pas encore clair quel radiodiffuseur sera responsable de la participation isra\u00e9lienne Eurovision en 2017. Le lancement de la <strong>nouvelle cha\u00eene isra\u00e9lienne IPBC<\/strong> a \u00e9t\u00e9 report\u00e9 \u00e0 avril 2017 peut reste actuel diffuseur IBA encore plus longtemps.<\/p>\n<p><em>Rising Star<\/em> sert depuis deux ans comme les isra\u00e9liennes tour pr\u00e9liminaire et qui a obtenu <strong>deux places finales<\/strong> sur le d\u00e9part. Nadav Ganesan a sorti le top dix en 2015, tandis que <strong>Hovi Star<\/strong> <em>(photo)<\/em> \u00e9tait 14e cette ann\u00e9e \u00e0 Stockholm avec <strong><em>Fait des \u00e9toiles<\/em><\/strong>.<\/p>\n<div class=\"youtube\" data-embed=\"SS5TB2XUdgs\" data-time=\"0\">\n<div class=\"play-button\">\n<img decoding=\"async\" class=\"play-button\" alt=\"play\" src=\"https:\/\/songfestival.be\/wp-content\/themes\/songfestival\/img\/play.svg\" \/>\n<\/div>\n<\/div>\n","protected":false},"excerpt":{"rendered":"<p>\u00ab\u00a0Rising Star\u00a0\u00bb sert de la droite isra\u00e9lienne pour la ronde et qui a valu deux places finales depuis deux ans.<\/p>\n","protected":false},"author":4,"featured_media":10402,"comment_status":"open","ping_status":"closed","sticky":false,"template":"","format":"standard","meta":{"_mi_skip_tracking":false,"_monsterinsights_sitenote_active":false,"_monsterinsights_sitenote_note":"","_monsterinsights_sitenote_category":0,"footnotes":""},"categories":[345,2121,386],"tags":[2130,17,2215,1556,229,1162,2164,497],"class_list":["post-10401","post","type-post","status-publish","format-standard","has-post-thumbnail","hentry","category-il","category-kiev-2017","category-landen","tag-eurosong-2017","tag-eurovision","tag-hakochav-haba-laeirovizyion-rising-star-for-eurovision","tag-hovi-star","tag-israel","tag-rising-star","tag-show","tag-ukraine"],"_links":{"self":[{"href":"https:\/\/songfestival.be\/fr\/wp-json\/wp\/v2\/posts\/10401"}],"collection":[{"href":"https:\/\/songfestival.be\/fr\/wp-json\/wp\/v2\/posts"}],"about":[{"href":"https:\/\/songfestival.be\/fr\/wp-json\/wp\/v2\/types\/post"}],"author":[{"embeddable":true,"href":"https:\/\/songfestival.be\/fr\/wp-json\/wp\/v2\/users\/4"}],"replies":[{"embeddable":true,"href":"https:\/\/songfestival.be\/fr\/wp-json\/wp\/v2\/comments?post=10401"}],"version-history":[{"count":0,"href":"https:\/\/songfestival.be\/fr\/wp-json\/wp\/v2\/posts\/10401\/revisions"}],"wp:featuredmedia":[{"embeddable":true,"href":"https:\/\/songfestival.be\/fr\/wp-json\/wp\/v2\/media\/10402"}],"wp:attachment":[{"href":"https:\/\/songfestival.be\/fr\/wp-json\/wp\/v2\/media?parent=10401"}],"wp:term":[{"taxonomy":"category","embeddable":true,"href":"https:\/\/songfestival.be\/fr\/wp-json\/wp\/v2\/categories?post=10401"},{"taxonomy":"post_tag","embeddable":true,"href":"https:\/\/songfestival.be\/fr\/wp-json\/wp\/v2\/tags?post=10401"}],"curies":[{"name":"wp","href":"https:\/\/api.w.org\/{rel}","templated":true}]}}