{"id":11104,"date":"2016-10-10T16:46:33","date_gmt":"2016-10-10T14:46:33","guid":{"rendered":"https:\/\/songfestival.be\/?post_type=kortnieuws&#038;p=11104"},"modified":"2016-10-10T16:50:02","modified_gmt":"2016-10-10T14:50:02","slug":"verenigd-koninkrijk-emmelie-de-forest-in-britse-voorronde-als-componiste","status":"publish","type":"post","link":"https:\/\/songfestival.be\/fr\/ex-deelnemers\/verenigd-koninkrijk-emmelie-de-forest-in-britse-voorronde-als-componiste\/","title":{"rendered":"&#8211; Emmelie la for\u00eat au Royaume-Uni British tour pr\u00e9liminaire comme compositeur\u00a0?"},"content":{"rendered":"<p style=\"color: #D49D6E; font-weight: bold;\" class=\"post-p-lead\">* Traduit automatiquement *<\/p>\n<div id=\"fb-root\"><\/div>\n<p class=\"lead\">For\u00eat de Gunnar gagnant Eurovision danois pourrait juste sautent vers le haut lors de la manche britannique de 2017. Elle prend part \u00e0 un sp\u00e9cial <em>writerscamp<\/em> qui devrait donner des chansons pour <em>Eurovision\u00a0: vous d\u00e9cidez<\/em>, la ronde pr\u00e9liminaire du Royaume-Uni.<\/p>\n<p>Le chanteur de <em>Teardrops seulement<\/em> laiss\u00e9 tomber quelques films et photos de <strong>Snapchat<\/strong>sur la <em>writerscamp<\/em> . \u00ab\u00a0\u00c9crivains camp pour uk chansons de l\u2019Eurovision\u00a0\u00bb, \u00e9crit-elle. Le camp aura lieu dans le Studio de Medley \u00e0 Copenhague. En d\u2019autres termes\u00a0: Emmelie \u00e9crit ainsi que d\u2019autres chansons de compositeurs qui probablement seront pr\u00e9sent\u00e9s \u00e0 la BBC britannique ou aux artistes qui veulent participer \u00e0 la chaleur de l\u2019Eurovision du Royaume-Uni. Il y a quelques mois les noms Udo et Aminata Savadogo a particip\u00e9 \u00e0 un <a href=\"https:\/\/songfestival.be\/algemeen\/aminata-en-udo-schrijven-potentiele-songfestivalliedjes-op-writerscamp\/\" target=\"_blank\">writerscamp semblable<\/a>.<\/p>\n<p>Emmelie la for\u00eat pendant un certain temps lui-m\u00eame \u00e9crit des chansons. Ses derniers singles leur ai \u00e9crit moi-m\u00eame et cette ann\u00e9e elle \u00e9tait en charge de la chanson <em>Never Alone<\/em>, qui a \u00e9t\u00e9 au cours de la danoise <strong>Anja Nissen<\/strong> deuxi\u00e8me tour <strong>Dansk Melodi Grand Prix 2016<\/strong>pr\u00e9liminaire.<\/p>\n","protected":false},"excerpt":{"rendered":"<p>Elle prend part \u00e0 une writerscamp sp\u00e9ciale qui devrait produire des &laquo;&nbsp;chansons de l\u2019Eurovision\u00a0: vous d\u00e9cidez &lsquo;, la ronde pr\u00e9liminaire du Royaume-Uni.<\/p>\n","protected":false},"author":4,"featured_media":357,"comment_status":"open","ping_status":"closed","sticky":false,"template":"","format":"standard","meta":{"_mi_skip_tracking":false,"_monsterinsights_sitenote_active":false,"_monsterinsights_sitenote_note":"","_monsterinsights_sitenote_category":0},"categories":[336,37,2121],"tags":[100,2419,520,1223,759,2418,233,2217],"_links":{"self":[{"href":"https:\/\/songfestival.be\/fr\/wp-json\/wp\/v2\/posts\/11104"}],"collection":[{"href":"https:\/\/songfestival.be\/fr\/wp-json\/wp\/v2\/posts"}],"about":[{"href":"https:\/\/songfestival.be\/fr\/wp-json\/wp\/v2\/types\/post"}],"author":[{"embeddable":true,"href":"https:\/\/songfestival.be\/fr\/wp-json\/wp\/v2\/users\/4"}],"replies":[{"embeddable":true,"href":"https:\/\/songfestival.be\/fr\/wp-json\/wp\/v2\/comments?post=11104"}],"version-history":[{"count":0,"href":"https:\/\/songfestival.be\/fr\/wp-json\/wp\/v2\/posts\/11104\/revisions"}],"wp:featuredmedia":[{"embeddable":true,"href":"https:\/\/songfestival.be\/fr\/wp-json\/wp\/v2\/media\/357"}],"wp:attachment":[{"href":"https:\/\/songfestival.be\/fr\/wp-json\/wp\/v2\/media?parent=11104"}],"wp:term":[{"taxonomy":"category","embeddable":true,"href":"https:\/\/songfestival.be\/fr\/wp-json\/wp\/v2\/categories?post=11104"},{"taxonomy":"post_tag","embeddable":true,"href":"https:\/\/songfestival.be\/fr\/wp-json\/wp\/v2\/tags?post=11104"}],"curies":[{"name":"wp","href":"https:\/\/api.w.org\/{rel}","templated":true}]}}