{"id":12755,"date":"2017-01-05T07:50:32","date_gmt":"2017-01-05T06:50:32","guid":{"rendered":"https:\/\/songfestival.be\/?p=12755"},"modified":"2017-01-12T09:19:30","modified_gmt":"2017-01-12T08:19:30","slug":"analyse-hoeveel-kost-een-deelname-aan-het-songfestival","status":"publish","type":"post","link":"https:\/\/songfestival.be\/fr\/analyse\/analyse-hoeveel-kost-een-deelname-aan-het-songfestival\/","title":{"rendered":"combien co\u00fbte une participation au concours Eurovision de la chanson\u00a0?"},"content":{"rendered":"<p style=\"color: #D49D6E; font-weight: bold;\" class=\"post-p-lead\">Malheureusement, cet article n&rsquo;est pas disponible en fran&ccedil;ais et a &eacute;t&eacute; automatiquement traduit. Veuillez visiter notre <a href=\"http:\/\/songfestival.be\/fr\/\">page d&rsquo;accueil<\/a> pour tout article en fran&ccedil;ais ou ayez un aper&ccedil;u de tous nos articles en fran&ccedil;ais <a href=\"http:\/\/songfestival.be\/fr\/francais\">ici<\/a>.<\/p>\n","protected":false},"excerpt":{"rendered":"<p>Est trop \u00e9lev\u00e9 le montant que demande \u00e0 Saint-Marin\u00a0?<\/p>\n","protected":false},"author":5,"featured_media":8926,"comment_status":"open","ping_status":"closed","sticky":false,"template":"","format":"standard","meta":{"_mi_skip_tracking":false,"_monsterinsights_sitenote_active":false,"_monsterinsights_sitenote_note":"","_monsterinsights_sitenote_category":0},"categories":[2674,1698],"tags":[100,230,987,2884,228,621,254,2130,219,2131,2892,2325,320,1923,158,2891,2890,2886,2117,2506,2887,2889,2888,263,54,1916,218,2885,683,670,1209,1765,2595,19,1834,232,277,233,63,2893],"_links":{"self":[{"href":"https:\/\/songfestival.be\/fr\/wp-json\/wp\/v2\/posts\/12755"}],"collection":[{"href":"https:\/\/songfestival.be\/fr\/wp-json\/wp\/v2\/posts"}],"about":[{"href":"https:\/\/songfestival.be\/fr\/wp-json\/wp\/v2\/types\/post"}],"author":[{"embeddable":true,"href":"https:\/\/songfestival.be\/fr\/wp-json\/wp\/v2\/users\/5"}],"replies":[{"embeddable":true,"href":"https:\/\/songfestival.be\/fr\/wp-json\/wp\/v2\/comments?post=12755"}],"version-history":[{"count":0,"href":"https:\/\/songfestival.be\/fr\/wp-json\/wp\/v2\/posts\/12755\/revisions"}],"wp:featuredmedia":[{"embeddable":true,"href":"https:\/\/songfestival.be\/fr\/wp-json\/wp\/v2\/media\/8926"}],"wp:attachment":[{"href":"https:\/\/songfestival.be\/fr\/wp-json\/wp\/v2\/media?parent=12755"}],"wp:term":[{"taxonomy":"category","embeddable":true,"href":"https:\/\/songfestival.be\/fr\/wp-json\/wp\/v2\/categories?post=12755"},{"taxonomy":"post_tag","embeddable":true,"href":"https:\/\/songfestival.be\/fr\/wp-json\/wp\/v2\/tags?post=12755"}],"curies":[{"name":"wp","href":"https:\/\/api.w.org\/{rel}","templated":true}]}}