{"id":13303,"date":"2017-02-02T13:54:32","date_gmt":"2017-02-02T12:54:32","guid":{"rendered":"https:\/\/songfestival.be\/?post_type=releases&#038;p=13303"},"modified":"2017-02-01T20:30:45","modified_gmt":"2017-02-01T19:30:45","slug":"rui-andrade-geeft-niet-op-met-nieuwe-single","status":"publish","type":"post","link":"https:\/\/songfestival.be\/fr\/ex-deelnemers\/rui-andrade-geeft-niet-op-met-nieuwe-single\/","title":{"rendered":"Rui Andrade ne renonce pas \u00e0 la nouvelle chanson"},"content":{"rendered":"<p style=\"color: #D49D6E; font-weight: bold;\" class=\"post-p-lead\">* Traduit automatiquement *<\/p>\n<p>Aucun Rui Andrade dans la version pr\u00e9liminaire n\u2019autour de cette ann\u00e9e. Mais la chanteuse, qui a \u00e9t\u00e9 trois fois a particip\u00e9 \u00e0 <em>Festival da Can\u00e7\u00e3o<\/em>, n\u2019est pas rest\u00e9e inactive.<\/p>\n<p>Rui Andrade en 2011, 2012 et 2014 ont particip\u00e9 \u00e0 la s\u00e9lection portugaise pour le concours Eurovision de la chanson. La derni\u00e8re fois il a fait cela avec <em>Ao tue encontro<\/em>. Mais il a d\u00fb le billet \u00e0 Copenhague pour Suzy et son <em>Quero ser tua<\/em> . Depuis ce temps qui s\u2019est tenue la chanteuse principalement avec les com\u00e9dies musicales et les spectacles.<\/p>\n<p>Mais maintenant il lance une nouvelle chanson, <em>chasse<\/em>. \u00ab\u00a0La chanson \u00e9tait un de mes favoris,\u00a0\u00bb dit le portugais. &laquo;&nbsp;Il s\u2019adapte aussi bien avec ma lutte pour trouver une place dans le monde de la musique, de quand j\u2019avais \u00e9tudi\u00e9 la musique \u00e0 l\u2019\u00e9volution de ma carri\u00e8re professionnelle.\u00a0\u00bb<\/p>\n<p>La chanson inclut \u00e9galement un clip vid\u00e9o de directeur Renato Arroyo et Tiago Cabral. Ils ont pass\u00e9 22 heures cons\u00e9cutives pour la vid\u00e9o \u00e0 une conclusion heureuse.<\/p>\n<div class=\"youtube\" data-embed=\"F-Jdr0pqCaM\" data-time=\"0\">\n<div class=\"play-button\">\n<img decoding=\"async\" class=\"play-button\" alt=\"play\" src=\"https:\/\/songfestival.be\/wp-content\/themes\/songfestival\/img\/play.svg\" \/>\n<\/div>\n<\/div>\n","protected":false},"excerpt":{"rendered":"<p>La chanteuse portugaise rompt le silence apr\u00e8s trois ans.<\/p>\n","protected":false},"author":3,"featured_media":13304,"comment_status":"open","ping_status":"closed","sticky":false,"template":"","format":"standard","meta":{"_mi_skip_tracking":false,"_monsterinsights_sitenote_active":false,"_monsterinsights_sitenote_note":"","_monsterinsights_sitenote_category":0,"footnotes":""},"categories":[999,37,359],"tags":[1214,86,2987],"class_list":["post-13303","post","type-post","status-publish","format-standard","has-post-thumbnail","hentry","category-algemeen","category-ex-deelnemers","category-pt","tag-festival-da-cancao","tag-portugal","tag-rui-andrade"],"translation":{"provider":"WPGlobus","version":"3.0.5","language":"fr","enabled_languages":["nl","fr","en"],"languages":{"nl":{"title":true,"content":true,"excerpt":true},"fr":{"title":true,"content":true,"excerpt":true},"en":{"title":true,"content":true,"excerpt":true}}},"_links":{"self":[{"href":"https:\/\/songfestival.be\/fr\/wp-json\/wp\/v2\/posts\/13303","targetHints":{"allow":["GET"]}}],"collection":[{"href":"https:\/\/songfestival.be\/fr\/wp-json\/wp\/v2\/posts"}],"about":[{"href":"https:\/\/songfestival.be\/fr\/wp-json\/wp\/v2\/types\/post"}],"author":[{"embeddable":true,"href":"https:\/\/songfestival.be\/fr\/wp-json\/wp\/v2\/users\/3"}],"replies":[{"embeddable":true,"href":"https:\/\/songfestival.be\/fr\/wp-json\/wp\/v2\/comments?post=13303"}],"version-history":[{"count":0,"href":"https:\/\/songfestival.be\/fr\/wp-json\/wp\/v2\/posts\/13303\/revisions"}],"wp:featuredmedia":[{"embeddable":true,"href":"https:\/\/songfestival.be\/fr\/wp-json\/wp\/v2\/media\/13304"}],"wp:attachment":[{"href":"https:\/\/songfestival.be\/fr\/wp-json\/wp\/v2\/media?parent=13303"}],"wp:term":[{"taxonomy":"category","embeddable":true,"href":"https:\/\/songfestival.be\/fr\/wp-json\/wp\/v2\/categories?post=13303"},{"taxonomy":"post_tag","embeddable":true,"href":"https:\/\/songfestival.be\/fr\/wp-json\/wp\/v2\/tags?post=13303"}],"curies":[{"name":"wp","href":"https:\/\/api.w.org\/{rel}","templated":true}]}}