{"id":16258,"date":"2017-05-07T09:09:56","date_gmt":"2017-05-07T07:09:56","guid":{"rendered":"https:\/\/songfestival.be\/?p=16258"},"modified":"2018-02-08T11:13:31","modified_gmt":"2018-02-08T10:13:31","slug":"kiev-2017-repetitiedag-8","status":"publish","type":"post","link":"https:\/\/songfestival.be\/fr\/kiev-2017\/kiev-2017-repetitiedag-8\/","title":{"rendered":"Repetitiedag 8 (07\/05) &#8211; Alle updates"},"content":{"rendered":"<p class=\"post-p-lead\"><strong>Zondag 7 mei was de achtste repetitiedag van het 62e Eurovisiesongfestival, in de Oekra\u00efense hoofdstad Kiev. Vandaag aan bod: gastland Oekra\u00efne en de landen van de Grote Vijf. Dit artikel werd de hele dag door ge\u00fcpdatet met verslagen, foto\u2019s en filmpjes.<\/strong><\/p>\n<p>Het repetitieschema van de dag vind je hier terug. De tijdstippen staan aangegeven in <strong>Belgische tijd<\/strong>. In Oekra\u00efne is het een uur later.<\/p>\n\n<table id=\"tablepress-410\" class=\"tablepress tablepress-id-410\">\n<thead>\n<tr class=\"row-1 odd\">\n\t<th class=\"column-1\">Land<\/th><th class=\"column-2\">Repetitie<\/th><th class=\"column-3\">Persconferentie<\/th>\n<\/tr>\n<\/thead>\n<tbody class=\"row-hover\">\n<tr class=\"row-2 even\">\n\t<td class=\"column-1\">Oekra\u00efne<\/td><td class=\"column-2\">09.00 - 09.20<\/td><td class=\"column-3\">10.05 - 10.25<\/td>\n<\/tr>\n<tr class=\"row-3 odd\">\n\t<td class=\"column-1\">Itali\u00eb<\/td><td class=\"column-2\">09.25 - 09.45<\/td><td class=\"column-3\">10.30 - 10.50<\/td>\n<\/tr>\n<tr class=\"row-4 even\">\n\t<td class=\"column-1\">Spanje<\/td><td class=\"column-2\">09.50 - 10.10<\/td><td class=\"column-3\">10.55 - 11.15<\/td>\n<\/tr>\n<tr class=\"row-5 odd\">\n\t<td class=\"column-1\">Duitsland<\/td><td class=\"column-2\">10.15 - 10.35<\/td><td class=\"column-3\">11.20 - 11.40<\/td>\n<\/tr>\n<tr class=\"row-6 even\">\n\t<td class=\"column-1\">Verenigd Koninkrijk<\/td><td class=\"column-2\">10.40 - 11.00<\/td><td class=\"column-3\">11.45 - 12.05<\/td>\n<\/tr>\n<tr class=\"row-7 odd\">\n\t<td class=\"column-1\">Frankrijk<\/td><td class=\"column-2\">11.05 - 11.25<\/td><td class=\"column-3\">12.10 - 12.30<\/td>\n<\/tr>\n<\/tbody>\n<\/table>\n\n","protected":false},"excerpt":{"rendered":"<p>De laatste repetities!<\/p>\n","protected":false},"author":5,"featured_media":16691,"comment_status":"open","ping_status":"closed","sticky":false,"template":"","format":"standard","meta":{"_mi_skip_tracking":false,"_monsterinsights_sitenote_active":false,"_monsterinsights_sitenote_note":"","_monsterinsights_sitenote_category":0},"categories":[2266,2121],"tags":[],"_links":{"self":[{"href":"https:\/\/songfestival.be\/fr\/wp-json\/wp\/v2\/posts\/16258"}],"collection":[{"href":"https:\/\/songfestival.be\/fr\/wp-json\/wp\/v2\/posts"}],"about":[{"href":"https:\/\/songfestival.be\/fr\/wp-json\/wp\/v2\/types\/post"}],"author":[{"embeddable":true,"href":"https:\/\/songfestival.be\/fr\/wp-json\/wp\/v2\/users\/5"}],"replies":[{"embeddable":true,"href":"https:\/\/songfestival.be\/fr\/wp-json\/wp\/v2\/comments?post=16258"}],"version-history":[{"count":0,"href":"https:\/\/songfestival.be\/fr\/wp-json\/wp\/v2\/posts\/16258\/revisions"}],"wp:featuredmedia":[{"embeddable":true,"href":"https:\/\/songfestival.be\/fr\/wp-json\/wp\/v2\/media\/16691"}],"wp:attachment":[{"href":"https:\/\/songfestival.be\/fr\/wp-json\/wp\/v2\/media?parent=16258"}],"wp:term":[{"taxonomy":"category","embeddable":true,"href":"https:\/\/songfestival.be\/fr\/wp-json\/wp\/v2\/categories?post=16258"},{"taxonomy":"post_tag","embeddable":true,"href":"https:\/\/songfestival.be\/fr\/wp-json\/wp\/v2\/tags?post=16258"}],"curies":[{"name":"wp","href":"https:\/\/api.w.org\/{rel}","templated":true}]}}