{"id":26327,"date":"2018-02-23T12:30:33","date_gmt":"2018-02-23T11:30:33","guid":{"rendered":"https:\/\/songfestival.be\/?p=26327"},"modified":"2018-02-25T21:35:28","modified_gmt":"2018-02-25T20:35:28","slug":"fragmenten-uit-laatste-halve-finale-melodifestivalen-2018-vrijgegeven","status":"publish","type":"post","link":"https:\/\/songfestival.be\/fr\/landen\/se\/fragmenten-uit-laatste-halve-finale-melodifestivalen-2018-vrijgegeven\/","title":{"rendered":"Fragmenten uit laatste halve finale &lsquo;Melodifestivalen 2018&rsquo; vrijgegeven"},"content":{"rendered":"<p style=\"text-align: left;\" class=\"post-p-lead\"><strong>Morgenavond wordt in Zweden de laatste halve finale van\u00a0<em>Melodifestivalen<\/em> gehouden. De stad van dienst is \u00d6rnsk\u00f6ldsvik, in het noorden van het land. Een show met veel sterke nummers en de favoriet, tweevoudig finalist, Mariette.<\/strong><\/p>\n<p style=\"text-align: left;\">Na vier jaar mag het noordelijke stadje\u00a0<em>\u00d6rnsk\u00f6ldsvik\u00a0<\/em>in het\u00a0<em><strong>Fj\u00e4llr\u00e4ven Center\u00a0<\/strong><\/em>nog eens een halve finale ontvangen. Na deze halve finale komen we al dichterbij die echte finale op 10 maart in Stockholm. Deze show is, net zoals de vorige shows, eentje met voor iedereen wel wat. Openen doet\u00a0<strong>Emmi Christensson<\/strong>, bekend uit de musical\u00a0<em>Phantom Of The Opera<\/em>.\u00a0De jongste deelnemer van dit jaar is\u00a0<strong>Elias Abbas, <\/strong>hij\u00a0is pas zestien maar maakt toch z\u2019n debuut op het grote podium. Als derde nummer krijgen we een ballade gezongen door oude bekende\u00a0<strong>Felicia Olsson<\/strong>, zij nam in 2013 al een keer deel. Het midden van de show is voor de amusante band\u00a0<strong>Rolandz<\/strong>. Het laatste deel van de show start met\u00a0<strong>Olivia Eliasson <\/strong>gevolgd door nog een kandidaat die vorig jaar deelnam, al doet hij het nu alleen.\u00a0<strong>Felix Sandman<\/strong> deed vorig jaar mee met de groep\u00a0<em>FO&#038;O<\/em>. De groep haalde de herkansingsronde en werden uiteindelijk elfde in de finale van 2017. Afsluiten doet\u00a0<strong>Mariette,\u00a0<\/strong>die hoopt dat driemaal scheepsrecht is. In 2015 werd ze derde in de finale en vorige jaar vierde. Ze is alleszins de te kloppen kandidaat voor morgenavond.<\/p>\n<p>Zoals elke week lijsten we hieronder de studiofragmenten op en natuurlijk ook beelden van de repetities.<\/p>\n<p><strong>Emmi Christensson<\/strong> &#8211;<em> <a href=\"https:\/\/www.svtplay.se\/video\/17047622\/melodifestivalen-2018-lyssna-pa-latarna\/melodifestivalen-2018-lyssna-pa-latarna-emmi-christensson-icarus?start=auto\" target=\"_blank\" rel=\"noopener\">Icarus<\/a><\/em><\/p>\n<div id=\"fb-root\"><\/div>\n<p><script>(function(d, s, id) {  var js, fjs = d.getElementsByTagName(s)[0];  if (d.getElementById(id)) return;  js = d.createElement(s); js.id = id;  js.src = 'https:\/\/connect.facebook.net\/nl_NL\/sdk.js#xfbml=1&version=v2.12';  fjs.parentNode.insertBefore(js, fjs);}(document, 'script', 'facebook-jssdk'));<\/script><\/p>\n<div class=\"fb-video\" data-href=\"https:\/\/www.facebook.com\/svtmelodifestivalen\/videos\/1837124389666390\/\" data-width=\"500\">\n<blockquote cite=\"https:\/\/www.facebook.com\/svtmelodifestivalen\/videos\/1837124389666390\/\" class=\"fb-xfbml-parse-ignore\"><p><a href=\"https:\/\/www.facebook.com\/svtmelodifestivalen\/videos\/1837124389666390\/\">Tjuvkika p\u00e5 Emmi Christenssons rep<\/a><\/p>\n<p>Tjuvkika p\u00e5 n\u00e4r Emmi Christensson testar scenen i \u00d6rnsk\u00f6ldsvik f\u00f6r f\u00f6rsta g\u00e5ngen!??<\/p>\n<p>Geplaatst door <a href=\"https:\/\/www.facebook.com\/svtmelodifestivalen\/\">SVT Melodifestivalen<\/a> op donderdag 22 februari 2018<\/p><\/blockquote>\n<\/div>\n<p><strong>Elias Abbas<\/strong> &#8211; <a href=\"https:\/\/www.svtplay.se\/video\/17047658\/melodifestivalen-2018-lyssna-pa-latarna\/melodifestivalen-2018-lyssna-pa-latarna-elias-abbas-mitt-paradis?start=auto&#038;tab=2018\" target=\"_blank\" rel=\"noopener\"><em>Mitt Paradis<\/em><\/a><\/p>\n<div id=\"fb-root\"><\/div>\n<p><script>(function(d, s, id) {  var js, fjs = d.getElementsByTagName(s)[0];  if (d.getElementById(id)) return;  js = d.createElement(s); js.id = id;  js.src = 'https:\/\/connect.facebook.net\/nl_NL\/sdk.js#xfbml=1&version=v2.12';  fjs.parentNode.insertBefore(js, fjs);}(document, 'script', 'facebook-jssdk'));<\/script><\/p>\n<div class=\"fb-video\" data-href=\"https:\/\/www.facebook.com\/svtmelodifestivalen\/videos\/1837131146332381\/\" data-width=\"500\">\n<blockquote cite=\"https:\/\/www.facebook.com\/svtmelodifestivalen\/videos\/1837131146332381\/\" class=\"fb-xfbml-parse-ignore\"><p><a href=\"https:\/\/www.facebook.com\/svtmelodifestivalen\/videos\/1837131146332381\/\">Tjuvkika p\u00e5 Elias Abbas rep<\/a><\/p>\n<p>Kolla in n\u00e4r Elias Abbas provdansar p\u00e5 scenen i \u00d6rnsk\u00f6ldsvik! Vad tycker du, sv\u00e4nger det??\u2728?<\/p>\n<p>Geplaatst door <a href=\"https:\/\/www.facebook.com\/svtmelodifestivalen\/\">SVT Melodifestivalen<\/a> op donderdag 22 februari 2018<\/p><\/blockquote>\n<\/div>\n<p><strong>Felicia Olsson<\/strong> &#8211; <a href=\"https:\/\/www.svtplay.se\/video\/17047662\/melodifestivalen-2018-lyssna-pa-latarna\/melodifestivalen-2018-lyssna-pa-latarna-felicia-olsson-break-that-chain?start=auto&#038;tab=2018\" target=\"_blank\" rel=\"noopener\"><em>Break That Chain<\/em><\/a><\/p>\n<div id=\"fb-root\"><\/div>\n<p><script>(function(d, s, id) {  var js, fjs = d.getElementsByTagName(s)[0];  if (d.getElementById(id)) return;  js = d.createElement(s); js.id = id;  js.src = 'https:\/\/connect.facebook.net\/nl_NL\/sdk.js#xfbml=1&version=v2.12';  fjs.parentNode.insertBefore(js, fjs);}(document, 'script', 'facebook-jssdk'));<\/script><\/p>\n<div class=\"fb-video\" data-href=\"https:\/\/www.facebook.com\/svtmelodifestivalen\/videos\/1837137216331774\/\" data-width=\"500\">\n<blockquote cite=\"https:\/\/www.facebook.com\/svtmelodifestivalen\/videos\/1837137216331774\/\" class=\"fb-xfbml-parse-ignore\"><p><a href=\"https:\/\/www.facebook.com\/svtmelodifestivalen\/videos\/1837137216331774\/\">Tjuvkika p\u00e5 Felicia Olssons rep<\/a><\/p>\n<p>S\u00e5 h\u00e4r s\u00e5g det ut n\u00e4r Felicia Olsson repade p\u00e5 Mello-scenen under dagen! Vad tycker du??<\/p>\n<p>Geplaatst door <a href=\"https:\/\/www.facebook.com\/svtmelodifestivalen\/\">SVT Melodifestivalen<\/a> op donderdag 22 februari 2018<\/p><\/blockquote>\n<\/div>\n<p><strong>Rolandz<\/strong> &#8211; <a href=\"https:\/\/www.svtplay.se\/video\/17047606\/melodifestivalen-2018-lyssna-pa-latarna\/melodifestivalen-2018-lyssna-pa-latarna-rolandz-fuldans?start=auto&#038;tab=2018\" target=\"_blank\" rel=\"noopener\"><em>Fuldans<\/em><\/a><\/p>\n<div id=\"fb-root\"><\/div>\n<p><script>(function(d, s, id) {  var js, fjs = d.getElementsByTagName(s)[0];  if (d.getElementById(id)) return;  js = d.createElement(s); js.id = id;  js.src = 'https:\/\/connect.facebook.net\/nl_NL\/sdk.js#xfbml=1&version=v2.12';  fjs.parentNode.insertBefore(js, fjs);}(document, 'script', 'facebook-jssdk'));<\/script><\/p>\n<div class=\"fb-video\" data-href=\"https:\/\/www.facebook.com\/svtmelodifestivalen\/videos\/1837141009664728\/\" data-width=\"500\">\n<blockquote cite=\"https:\/\/www.facebook.com\/svtmelodifestivalen\/videos\/1837141009664728\/\" class=\"fb-xfbml-parse-ignore\"><p><a href=\"https:\/\/www.facebook.com\/svtmelodifestivalen\/videos\/1837141009664728\/\">Tjuvkika p\u00e5 Rolandz rep<\/a><\/p>\n<p>P\u00e5 l\u00f6rdag bjuder Rolandz p\u00e5 fuldans!?Vem f\u00e5r inte missa det h\u00e4r?<\/p>\n<p>Geplaatst door <a href=\"https:\/\/www.facebook.com\/svtmelodifestivalen\/\">SVT Melodifestivalen<\/a> op donderdag 22 februari 2018<\/p><\/blockquote>\n<\/div>\n<p><strong>Olivia Eliasson<\/strong> &#8211; <a href=\"https:\/\/www.svtplay.se\/video\/17047638\/melodifestivalen-2018-lyssna-pa-latarna\/melodifestivalen-2018-lyssna-pa-latarna-olivia-eliasson-never-learn?start=auto&#038;tab=2018\" target=\"_blank\" rel=\"noopener\"><em>Never Learn<\/em><\/a><\/p>\n<div id=\"fb-root\"><\/div>\n<p><script>(function(d, s, id) {  var js, fjs = d.getElementsByTagName(s)[0];  if (d.getElementById(id)) return;  js = d.createElement(s); js.id = id;  js.src = 'https:\/\/connect.facebook.net\/nl_NL\/sdk.js#xfbml=1&version=v2.12';  fjs.parentNode.insertBefore(js, fjs);}(document, 'script', 'facebook-jssdk'));<\/script><\/p>\n<div class=\"fb-video\" data-href=\"https:\/\/www.facebook.com\/svtmelodifestivalen\/videos\/1837146549664174\/\" data-width=\"500\">\n<blockquote cite=\"https:\/\/www.facebook.com\/svtmelodifestivalen\/videos\/1837146549664174\/\" class=\"fb-xfbml-parse-ignore\"><p><a href=\"https:\/\/www.facebook.com\/svtmelodifestivalen\/videos\/1837146549664174\/\">Tjuvkika p\u00e5 Olivia Eliassons rep<\/a><\/p>\n<p>Olivia Eliasson testar scenen i \u00d6rnsk\u00f6ldsvik f\u00f6r f\u00f6rsta g\u00e5ngen! Vad tror du om hennes Mello-debut?\u2728<\/p>\n<p>Geplaatst door <a href=\"https:\/\/www.facebook.com\/svtmelodifestivalen\/\">SVT Melodifestivalen<\/a> op donderdag 22 februari 2018<\/p><\/blockquote>\n<\/div>\n<p><strong>Felix Sandman<\/strong> &#8211; <a href=\"https:\/\/www.svtplay.se\/video\/17047546\/melodifestivalen-2018-lyssna-pa-latarna\/melodifestivalen-2018-lyssna-pa-latarna-felix-sandman-every-single-day?start=auto&#038;tab=2018\" target=\"_blank\" rel=\"noopener\"><em>Every Single Day<\/em><\/a><\/p>\n<div id=\"fb-root\"><\/div>\n<p><script>(function(d, s, id) {  var js, fjs = d.getElementsByTagName(s)[0];  if (d.getElementById(id)) return;  js = d.createElement(s); js.id = id;  js.src = 'https:\/\/connect.facebook.net\/nl_NL\/sdk.js#xfbml=1&version=v2.12';  fjs.parentNode.insertBefore(js, fjs);}(document, 'script', 'facebook-jssdk'));<\/script><\/p>\n<div class=\"fb-video\" data-href=\"https:\/\/www.facebook.com\/svtmelodifestivalen\/videos\/1837151762996986\/\" data-width=\"500\">\n<blockquote cite=\"https:\/\/www.facebook.com\/svtmelodifestivalen\/videos\/1837151762996986\/\" class=\"fb-xfbml-parse-ignore\"><p><a href=\"https:\/\/www.facebook.com\/svtmelodifestivalen\/videos\/1837151762996986\/\">Tjuvkika p\u00e5 FELIX SANDMANS rep<\/a><\/p>\n<p>Kolla in FELIX SANDMANs dagsform! Vad tror du, blir det chans till g\u00e5shud hemma i tv-soffan p\u00e5 l\u00f6rdag?<\/p>\n<p>Geplaatst door <a href=\"https:\/\/www.facebook.com\/svtmelodifestivalen\/\">SVT Melodifestivalen<\/a> op donderdag 22 februari 2018<\/p><\/blockquote>\n<\/div>\n<p><strong>Mariette<\/strong> &#8211; <a href=\"https:\/\/www.svtplay.se\/video\/17047626\/melodifestivalen-2018-lyssna-pa-latarna\/melodifestivalen-2018-lyssna-pa-latarna-mariette-for-you?start=auto&#038;tab=2018\" target=\"_blank\" rel=\"noopener\"><em>For You<\/em><\/a><\/p>\n<div id=\"fb-root\"><\/div>\n<p><script>(function(d, s, id) {  var js, fjs = d.getElementsByTagName(s)[0];  if (d.getElementById(id)) return;  js = d.createElement(s); js.id = id;  js.src = 'https:\/\/connect.facebook.net\/nl_NL\/sdk.js#xfbml=1&version=v2.12';  fjs.parentNode.insertBefore(js, fjs);}(document, 'script', 'facebook-jssdk'));<\/script><\/p>\n<div class=\"fb-video\" data-href=\"https:\/\/www.facebook.com\/svtmelodifestivalen\/videos\/1837157049663124\/\" data-width=\"500\">\n<blockquote cite=\"https:\/\/www.facebook.com\/svtmelodifestivalen\/videos\/1837157049663124\/\" class=\"fb-xfbml-parse-ignore\"><p><a href=\"https:\/\/www.facebook.com\/svtmelodifestivalen\/videos\/1837157049663124\/\">Tjuvkika p\u00e5 Mariettes rep<\/a><\/p>\n<p>Smygtitta p\u00e5 Mariettes rep! Vem ser du mest fram emot att se p\u00e5 l\u00f6rdag? ?<\/p>\n<p>Geplaatst door <a href=\"https:\/\/www.facebook.com\/svtmelodifestivalen\/\">SVT Melodifestivalen<\/a> op donderdag 22 februari 2018<\/p><\/blockquote>\n<\/div>\n","protected":false},"excerpt":{"rendered":"<p>Volgens de kenners zouden we in deze halve finale de winnaar moeten vinden.<\/p>\n","protected":false},"author":7329,"featured_media":26331,"comment_status":"open","ping_status":"closed","sticky":false,"template":"","format":"standard","meta":{"_mi_skip_tracking":false,"_monsterinsights_sitenote_active":false,"_monsterinsights_sitenote_note":"","_monsterinsights_sitenote_category":0},"categories":[3837,368],"tags":[3538,2807,2113,254,219,17,3537,3536,3469,3685,19,1343],"_links":{"self":[{"href":"https:\/\/songfestival.be\/fr\/wp-json\/wp\/v2\/posts\/26327"}],"collection":[{"href":"https:\/\/songfestival.be\/fr\/wp-json\/wp\/v2\/posts"}],"about":[{"href":"https:\/\/songfestival.be\/fr\/wp-json\/wp\/v2\/types\/post"}],"author":[{"embeddable":true,"href":"https:\/\/songfestival.be\/fr\/wp-json\/wp\/v2\/users\/7329"}],"replies":[{"embeddable":true,"href":"https:\/\/songfestival.be\/fr\/wp-json\/wp\/v2\/comments?post=26327"}],"version-history":[{"count":0,"href":"https:\/\/songfestival.be\/fr\/wp-json\/wp\/v2\/posts\/26327\/revisions"}],"wp:featuredmedia":[{"embeddable":true,"href":"https:\/\/songfestival.be\/fr\/wp-json\/wp\/v2\/media\/26331"}],"wp:attachment":[{"href":"https:\/\/songfestival.be\/fr\/wp-json\/wp\/v2\/media?parent=26327"}],"wp:term":[{"taxonomy":"category","embeddable":true,"href":"https:\/\/songfestival.be\/fr\/wp-json\/wp\/v2\/categories?post=26327"},{"taxonomy":"post_tag","embeddable":true,"href":"https:\/\/songfestival.be\/fr\/wp-json\/wp\/v2\/tags?post=26327"}],"curies":[{"name":"wp","href":"https:\/\/api.w.org\/{rel}","templated":true}]}}