{"id":29923,"date":"2018-06-11T08:06:56","date_gmt":"2018-06-11T06:06:56","guid":{"rendered":"https:\/\/songfestival.be\/?p=29923"},"modified":"2018-06-26T10:39:43","modified_gmt":"2018-06-26T08:39:43","slug":"vier-steden-in-de-running-voor-organisatie-songfestival-2019","status":"publish","type":"post","link":"https:\/\/songfestival.be\/fr\/landen\/il\/vier-steden-in-de-running-voor-organisatie-songfestival-2019\/","title":{"rendered":"Vier steden in de running voor organisatie Songfestival 2019"},"content":{"rendered":"<p class=\"post-p-lead\">De Isra\u00eblische regering houdt niet langer het been stijf: het Eurovisiesongfestival 2019 hoeft niet noodzakelijk in Jeruzalem plaats te vinden. Dat melden lokale media.<\/p>\n<p>Volgens het Isra\u00eblische commerci\u00eble tv-station <a href=\"https:\/\/www.20il.co.il\/%D7%94%D7%9E%D7%9E%D7%A9%D7%9C%D7%94-%D7%9C%D7%90-%D7%AA%D7%AA%D7%A2%D7%A8%D7%91-%D7%91%D7%91%D7%97%D7%99%D7%A8%D7%AA-%D7%9E%D7%99%D7%A7%D7%95%D7%9D-%D7%94%D7%90%D7%99%D7%A8%D7%95%D7%95%D7%99%D7%96\/\" target=\"_blank\" rel=\"noopener\">Channel 20<\/a> vond afgelopen vrijdag een telefonische vergadering plaats van de premier van Isra\u00ebl, Netanyahu met de ministers van Financi\u00ebn en Communicatie, het hoofd van de uitvoerende macht in Isra\u00ebl, en een vertegenwoordiger van openbare omroep Kan. Daaruit vloeide voort dat de Isra\u00eblische regering zich formeel niet zal bemoeien met de organisatie van het Songfestival volgend jaar, en dat er vier steden zich hebben aangeboden om de organisatie binnen te halen. Het gaat om <strong>Jeruzalem, Tel Aviv, Eilat en Haifa<\/strong>. In de komende week worden de kandidaturen bestudeerd door Kan en de EBU. Wanneer de beslissing zal vallen, werd nog niet meegedeeld.<\/p>\n<p><strong><em>Argentijnse voetbalploeg<\/em><\/strong><\/p>\n<p>De premier van Isra\u00ebl zag zich genoodzaakt om in te grijpen nadat zijn minister van Cultuur afgelopen week nog olie op het vuur had gegooid. Een Argentijnse voetbalploeg had een vriendschappelijke wedstrijd tegen de ploeg uit Isra\u00ebl afgezegd, bezweken onder de druk van een campagne van Palestijnse sympathisanten. Premier Netanyahu had toen al zijn vrees uitgedrukt dat dat een precedent zou kunnen worden voor toekomstige afzeggingen, en de minister van Cultuur had aan <a href=\"https:\/\/www.timesofisrael.com\/culture-minister-israel-will-host-2019-eurovision-in-jerusalem-or-not-at-all\/\" target=\"_blank\" rel=\"noopener\">de openbare omroep<\/a> gezegd: &lsquo;Het Songfestival zal ons <strong>12 miljoen euro<\/strong> kosten, en de bedoeling is ons land te promoten. Ik zal de regering aanbevelen dat het Songfestival volgend jaar in Jeruzalem moet plaatsvinden, of helemaal niet in Isra\u00ebl.&rsquo;<\/p>\n<p>Na die uitspraak was er kritiek op de aanhoudende druk vanuit de Isra\u00eblische politiek om het Songfestival naar de omstreden hoofdstad Jeruzalem te halen, waar ook de EBU zich eerder al negatief over had uitgelaten. De eerste minister van het land heeft die kritiek nu <strong>gepareerd<\/strong> door een vergadering te houden en duidelijk te maken dat de regering zich afzijdig zal houden en Kan en de EBU het Songfestival zelfstandig zal laten organiseren.<\/p>\n<p><strong><em>Volwaardig EBU-lid<\/em><\/strong><\/p>\n<p>Volgens het Isra\u00eblische nieuwsmedium <a href=\"http:\/\/translate.google.co.uk\/translate?hl=en&#038;sl=iw&#038;u=www.haaretz.co.il\/gallery\/music\/1.6163216&#038;prev=search\" target=\"_blank\" rel=\"noopener\">Haaretz<\/a> zal de omroep Kan ook nog minstens een jaar wachten met <strong>het loskoppelen van de nieuwsdienst<\/strong> van de omroep met de omroep zelf, zoals aanvankelijk de bedoeling was bij de oprichting ervan vorig jaar. Zonder nieuwspoot kan Kan geen volwaardig EBU-lid zijn, waardoor een deelname aan en organisatie van het Songfestival in gedrang zou kunnen komen.<\/p>\n","protected":false},"excerpt":{"rendered":"<p>Dat melden Isra\u00eblische media.<\/p>\n","protected":false},"author":5,"featured_media":29507,"comment_status":"open","ping_status":"closed","sticky":false,"template":"","format":"standard","meta":{"_mi_skip_tracking":false,"_monsterinsights_sitenote_active":false,"_monsterinsights_sitenote_note":"","_monsterinsights_sitenote_category":0},"categories":[345],"tags":[3538,2807,2113,254,219,17,4243,229,3537,3536,3469,4245,3992,19,4244],"_links":{"self":[{"href":"https:\/\/songfestival.be\/fr\/wp-json\/wp\/v2\/posts\/29923"}],"collection":[{"href":"https:\/\/songfestival.be\/fr\/wp-json\/wp\/v2\/posts"}],"about":[{"href":"https:\/\/songfestival.be\/fr\/wp-json\/wp\/v2\/types\/post"}],"author":[{"embeddable":true,"href":"https:\/\/songfestival.be\/fr\/wp-json\/wp\/v2\/users\/5"}],"replies":[{"embeddable":true,"href":"https:\/\/songfestival.be\/fr\/wp-json\/wp\/v2\/comments?post=29923"}],"version-history":[{"count":0,"href":"https:\/\/songfestival.be\/fr\/wp-json\/wp\/v2\/posts\/29923\/revisions"}],"wp:featuredmedia":[{"embeddable":true,"href":"https:\/\/songfestival.be\/fr\/wp-json\/wp\/v2\/media\/29507"}],"wp:attachment":[{"href":"https:\/\/songfestival.be\/fr\/wp-json\/wp\/v2\/media?parent=29923"}],"wp:term":[{"taxonomy":"category","embeddable":true,"href":"https:\/\/songfestival.be\/fr\/wp-json\/wp\/v2\/categories?post=29923"},{"taxonomy":"post_tag","embeddable":true,"href":"https:\/\/songfestival.be\/fr\/wp-json\/wp\/v2\/tags?post=29923"}],"curies":[{"name":"wp","href":"https:\/\/api.w.org\/{rel}","templated":true}]}}