{"id":4315,"date":"2016-02-13T00:01:58","date_gmt":"2016-02-12T23:01:58","guid":{"rendered":"https:\/\/songfestival.be\/?p=4315"},"modified":"2016-03-13T19:33:22","modified_gmt":"2016-03-13T18:33:22","slug":"de-voorrondes-van-zaterdag-1302-alle-uitslagen","status":"publish","type":"post","link":"https:\/\/songfestival.be\/fr\/stockholm2016\/de-voorrondes-van-zaterdag-1302-alle-uitslagen\/","title":{"rendered":"Les tours pr\u00e9liminaires du samedi 13\/02 : tous les r\u00e9sultats"},"content":{"rendered":"<p style=\"color: #D49D6E; font-weight: bold;\" class=\"post-p-lead\">Malheureusement, cet article n&rsquo;est pas disponible en fran&ccedil;ais et a &eacute;t&eacute; automatiquement traduit. Veuillez visiter notre <a href=\"https:\/\/songfestival.be\/fr\/\">page d&rsquo;accueil<\/a> pour tout article en fran&ccedil;ais ou ayez un aper&ccedil;u de tous nos articles en fran&ccedil;ais <a href=\"https:\/\/songfestival.be\/fr\/francais\">ici<\/a>.<\/p>\n","protected":false},"excerpt":{"rendered":"<p>Les six pays la semaine derni\u00e8re mis leurs \u00e9missions de th\u00e8me plus loin, et en Estonie, ils commencent \u00e0 venir.<\/p>\n","protected":false},"author":5,"featured_media":4316,"comment_status":"open","ping_status":"closed","sticky":false,"template":"","format":"standard","meta":{"_mi_skip_tracking":false,"_monsterinsights_sitenote_active":false,"_monsterinsights_sitenote_note":"","_monsterinsights_sitenote_category":0},"categories":[336,1447,337,338,342,343,346,348,371,9,368,369],"tags":[1331,151,192,390,160,437,618,212,515,884,35,180,218,656,172,819,1183,44,591],"_links":{"self":[{"href":"https:\/\/songfestival.be\/fr\/wp-json\/wp\/v2\/posts\/4315"}],"collection":[{"href":"https:\/\/songfestival.be\/fr\/wp-json\/wp\/v2\/posts"}],"about":[{"href":"https:\/\/songfestival.be\/fr\/wp-json\/wp\/v2\/types\/post"}],"author":[{"embeddable":true,"href":"https:\/\/songfestival.be\/fr\/wp-json\/wp\/v2\/users\/5"}],"replies":[{"embeddable":true,"href":"https:\/\/songfestival.be\/fr\/wp-json\/wp\/v2\/comments?post=4315"}],"version-history":[{"count":0,"href":"https:\/\/songfestival.be\/fr\/wp-json\/wp\/v2\/posts\/4315\/revisions"}],"wp:featuredmedia":[{"embeddable":true,"href":"https:\/\/songfestival.be\/fr\/wp-json\/wp\/v2\/media\/4316"}],"wp:attachment":[{"href":"https:\/\/songfestival.be\/fr\/wp-json\/wp\/v2\/media?parent=4315"}],"wp:term":[{"taxonomy":"category","embeddable":true,"href":"https:\/\/songfestival.be\/fr\/wp-json\/wp\/v2\/categories?post=4315"},{"taxonomy":"post_tag","embeddable":true,"href":"https:\/\/songfestival.be\/fr\/wp-json\/wp\/v2\/tags?post=4315"}],"curies":[{"name":"wp","href":"https:\/\/api.w.org\/{rel}","templated":true}]}}