{"id":6018,"date":"2016-03-05T22:59:03","date_gmt":"2016-03-05T21:59:03","guid":{"rendered":"https:\/\/songfestival.be\/?p=6018"},"modified":"2016-03-09T13:03:03","modified_gmt":"2016-03-09T12:03:03","slug":"polen-stuurt-onverwachts-michal-szpak-naar-stockholm","status":"publish","type":"post","link":"https:\/\/songfestival.be\/fr\/stockholm2016\/polen-stuurt-onverwachts-michal-szpak-naar-stockholm\/","title":{"rendered":"Pologne envoie inattendu Micha\u0142 Szpak \u00e0 Stockholm"},"content":{"rendered":"<p style=\"color: #D49D6E; font-weight: bold;\" class=\"post-p-lead\">Malheureusement, cet article n&rsquo;est pas disponible en fran&ccedil;ais et a &eacute;t&eacute; automatiquement traduit. Veuillez visiter notre <a href=\"http:\/\/songfestival.be\/fr\/\">page d&rsquo;accueil<\/a> pour tout article en fran&ccedil;ais ou ayez un aper&ccedil;u de tous nos articles en fran&ccedil;ais <a href=\"http:\/\/songfestival.be\/fr\/francais\">ici<\/a>.<\/p>\n<div id=\"fb-root\"><\/div>\n<p class=\"lead\">La tourn\u00e9e nationale de Pologne, il suffit de terminer <em>Krajowe Eliminacje<\/em>, a \u00e9t\u00e9 subitement gagn\u00e9 par <span class=\"fwn fcg\"><span class=\"fwb fcg\" data-ft=\"{\">Micha\u0142 Szpak.<\/span><\/span> Sur le prochain festival de la chanson il<em> couleur de votre vie<\/em> chantera dans son pays d&rsquo;origine.<\/p>\n<p>La finale nationale comptait neuf candidats. Le gagnant pour le vote public. <strong>Edyta G\u00f3rniak<\/strong>fut l&rsquo;un des candidats. Ils repr\u00e9sentent la Pologne dans l&rsquo; <a href=\"https:\/\/songfestival.be\/geschiedenis\/1994-dublin\/\" target=\"_blank\">Eurovision Song Contest 1994<\/a>. Elle est ensuite devenue 2e avec la chanson <em>de nie ja<\/em><em>!<\/em>. Maintenant elle a termin\u00e9 troisi\u00e8me avec sa chanson. Le favori <strong>favorite<\/strong> Margaret reste coinc\u00e9 \u00e0 une deuxi\u00e8me place. Que personne n&rsquo;avait vu venir.<\/p>\n<p>La Pologne est trait\u00e9e dans la deuxi\u00e8me demi-finale du concours Eurovision de la chanson et est donc un concurrent direct pour notre candidat belge Laura Tesoro. Actuellement, ils sont tr\u00e8s <strong>\u00e9lev\u00e9s<\/strong> dans le cadre des <strong>bookmakers<\/strong>, mais qui serait d\u00e9sormais en mesure de changer rapidement.<\/p>\n<p>L&rsquo;entr\u00e9e de polonaise :<\/p>\n<p>https:\/\/www.youtube.com\/watch?v=txL8BYydmDM<\/p>\n","protected":false},"excerpt":{"rendered":"<p>La Pologne est actuellement tr\u00e8s \u00e9lev\u00e9e avec les bookmakers.<\/p>\n","protected":false},"author":4,"featured_media":6056,"comment_status":"open","ping_status":"closed","sticky":false,"template":"","format":"standard","meta":{"_mi_skip_tracking":false,"_monsterinsights_sitenote_active":false,"_monsterinsights_sitenote_note":"","_monsterinsights_sitenote_category":0},"categories":[358,9],"tags":[1142,1628,1614,1385,957,1615,1538,1627,1197,623,72],"_links":{"self":[{"href":"https:\/\/songfestival.be\/fr\/wp-json\/wp\/v2\/posts\/6018"}],"collection":[{"href":"https:\/\/songfestival.be\/fr\/wp-json\/wp\/v2\/posts"}],"about":[{"href":"https:\/\/songfestival.be\/fr\/wp-json\/wp\/v2\/types\/post"}],"author":[{"embeddable":true,"href":"https:\/\/songfestival.be\/fr\/wp-json\/wp\/v2\/users\/4"}],"replies":[{"embeddable":true,"href":"https:\/\/songfestival.be\/fr\/wp-json\/wp\/v2\/comments?post=6018"}],"version-history":[{"count":0,"href":"https:\/\/songfestival.be\/fr\/wp-json\/wp\/v2\/posts\/6018\/revisions"}],"wp:featuredmedia":[{"embeddable":true,"href":"https:\/\/songfestival.be\/fr\/wp-json\/wp\/v2\/media\/6056"}],"wp:attachment":[{"href":"https:\/\/songfestival.be\/fr\/wp-json\/wp\/v2\/media?parent=6018"}],"wp:term":[{"taxonomy":"category","embeddable":true,"href":"https:\/\/songfestival.be\/fr\/wp-json\/wp\/v2\/categories?post=6018"},{"taxonomy":"post_tag","embeddable":true,"href":"https:\/\/songfestival.be\/fr\/wp-json\/wp\/v2\/tags?post=6018"}],"curies":[{"name":"wp","href":"https:\/\/api.w.org\/{rel}","templated":true}]}}