{"id":63079,"date":"2023-03-31T08:59:16","date_gmt":"2023-03-31T06:59:16","guid":{"rendered":"https:\/\/songfestival.be\/?p=63079"},"modified":"2023-03-31T11:50:13","modified_gmt":"2023-03-31T09:50:13","slug":"zweden-de-stem-van-songfestival-be-2023","status":"publish","type":"post","link":"https:\/\/songfestival.be\/fr\/dsvs-2023\/zweden-de-stem-van-songfestival-be-2023\/","title":{"rendered":"Zweden &#8211; De Stem van Songfestival.be 2023"},"content":{"rendered":"<p class=\"post-p-lead\">In\u00a0<em>De Stem van Songfestival.be\u00a0<\/em>gaat deze website voor het achtste opeenvolgende jaar op zoek naar h\u00e9t nummer voor het komende Eurovisiesongfestival. Dit jaar lees je hier geschreven recensies van telkens drie andere redacteurs. Natuurlijk kun je ook zelf weer meestemmen, verderop in dit artikel. Vandaag de inzending uit Zweden.<\/p>\n<div class=\"youtube\" data-embed=\"b3vJfR81xO0\" data-time=\"0\">\n<div class=\"play-button\">\n<img class=\"play-button\" alt=\"play\" src=\"https:\/\/songfestival.be\/wp-content\/themes\/songfestival\/img\/play.svg\" \/>\n<\/div>\n<\/div>\n<p><b><i>Jasper<\/i><\/b><\/p>\n<p>\u2018Daar is Loreen weer. Zij die je keer op keer het gevoel geeft in een met giftige orchidee\u00ebn overwoekerde grot te wonen in een donker Zweeds bos. Loreen komt soms van ver, <i>y\u2019all<\/i>. Van 2012 om precies te zijn. Want ze lijkt een <strong><i>one trick pony<\/i><\/strong>. Maar wel een raspaard dat goed getraind is. Want net als bij <i>Euphoria<\/i>\u00a0maakt Loreen het opnieuw interessant. Ik noem haar optreden drie intense minuten. Maar, beste lezer, moet we nu een nummer beoordelen of een act? Want als je puur naar <i>Tattoo <\/i>als nummer luistert, hoor je niets speciaals. De tekst is zelfs <strong>niet eens hoogstaand<\/strong>. Daar zijn de Italianen nu eenmaal beter in.<\/p>\n<p>Maar was <i>Euphoria <\/i>oh zo baanbrekend? Helemaal niet. Maar dat nummer knalde op het juiste moment, in het juiste Songfestivaljaar. Het Eurovisiesongfestival draait al lang niet meer alleen om het nummer. Net dat aspect van de liedjeswedstrijd maakt Zweden een grote favoriet voor de winst. Want ik vraag me af welke andere artiesten, in dit toch wel mager jaar, op drie minuten zo\u2019n impact zullen hebben. Het <strong>totaalpakket klopt bij Loreen<\/strong>: de zang is sterk, de act is ongezien en het nummer is \u2026 goed genoeg. Wat je niet kan zeggen over Loreens dictie. Dat er maar snel een logopedist afzakt naar die Zweedse grot. 9\/10\u2019<\/p>\n<p><b><i>Matthias<\/i><\/b><\/p>\n<p>\u2018De vraag is niet of we naar Zweden gaan in 2024, maar <b>naar waar in Zweden<\/b>. Het Zweedse lied is naar mijn idee het enige lied dit jaar dat een vibe heeft die \u2018winnaar\u2019 roept. Het lied van onder andere de hand van Thomas G:son is mogelijk weer een voorbeeld van \u2018beter goed gepikt dan slecht bedacht\u2019. De intro doet heel sterk denken aan een ander lied dat ik nog niet kende en bij de zanglijn denk ik dat Loreen ineens <i>The Winner Takes It All<\/i> gaat beginnen zingen. Tegenwoordig wordt dat met een modern woord soms <i>sample<\/i> genoemd en kan dat gezien worden als eerbetoon aan een andere artiest, al is daar dan wel toestemming voor nodig. De vraag is of dat gebeurd is en we weten dat G:son niet vies is van wat plagiaat, luister maar naar <i>Listen To Your Heartbeat.<\/i><\/p>\n<p>Desondanks weet het team rond Loreen de ingredi\u00ebnten op die manier bij elkaar te gooien dat er een lied uit komt dat <b>blijft hangen<\/b>. Een klassieker zal dit over twintig jaar vermoed ik niet genoemd worden, maar dit jaar <b>steekt het lied er bovenuit<\/b>, met daarnaast enkele <i>outsiders<\/i>. Alleen durf ik niet met zekerheid zeggen of een andere artiest dan Loreen met dit lied ook favoriet zou zijn. Het voordeel van een nieuwe Zweedse winst is dat we weten dat de organisatie volgend jaar soepel zal verlopen en de shows goed zijn. Omdat dit lied blijft hangen en omdat de act in orde is, geef ik Zweden dit jaar 9\/10.\u2019<\/p>\n<p><b><i>Sven<\/i><\/b><\/p>\n<p>\u2018Tot spijt van wie het benijdt, maar Loreen is toch mijn <strong>absolute favoriet<\/strong> van dit jaar. Op vele fora en <i>community channels<\/i> is er redelijk wat te doen geweest rond de keuze van de Zweden om Loreen met <i>Tattoo <\/i>naar Liverpool te sturen, maar ik vind het niet meer dan terecht. Goede opbouw en <i>beat<\/i>, verzorgde <i>arty <\/i>en mysterieuze act en intense pathos die je de volle drie minuten bij de keel grijpt. <strong>Ik geloof Loreens verdriet van bij het begin tot het einde<\/strong> en de spanning van het lied is goed opgebouwd, met krachtige uithalen op het einde. Als luisteraar en kijker voel je je als het ware geroepen om die figuurlijke tattoo vol hartzeer zo snel mogelijk te helpen verwijderen. <i>You hate her or you love her<\/i>, maar ik hou van de persoonlijkheid van de zangeres. Ze heeft een bepaalde eigenzinnigheid en blijft na al die jaren Songfestivalbekendheid nog steeds een enigma voor mij. Waarom zouden we artiesten ook geen extra punten mogen geven omwille van hun unieke persoonlijkheid? Hoewel ik niet zo overtuigd ben als de bookmakers dat ze effectief zal winnen in Liverpool, wint ze voor mij alvast. Haar liedje is nu al <i>stuck on my Spotify repeat list like a tattoo<\/i>. Een 10\/10.\u2019<\/p>\n<p><strong><em>Stem zelf mee!<\/em><\/strong><\/p>\n<p>Alle redacteurs van Songfestival.be samen geven het land van vandaag een gemiddelde score van <strong>9,11\/10<\/strong>. Zelf meestemmen kan hieronder, gedurende 24 uur na publicatie van dit artikel. Jouw stem telt mee voor twee derde van het totaal en de top tien van alle 37 songs voor Liverpool plaatst zich voor de finaleweek eind april. We delen de eindscore dagelijks mee op onze Facebookpagina.<\/p>\n<p><span data-sheets-value=\"{\"><iframe loading=\"lazy\" src=\"https:\/\/docs.google.com\/forms\/d\/e\/1FAIpQLSd-7saMx-THFQ4p_9XosOmAHCI2lbaOuh9J0W5oKCWnIx3WEQ\/viewform?embedded=true\" width=\"640\" height=\"414\" frameborder=\"0\" marginwidth=\"0\" marginheight=\"0\">Loading\u2026<\/iframe><\/span><\/p>\n<p><strong><em>Meer weten?<\/em><\/strong><\/p>\n<p>Meer lezen over de kandidaat van vandaag en alle andere deelnemers van het Songfestival 2023? Dat doe je in onze handige kandidatenfiches:<\/p>\n<div id=\"all-candidats\" class=\"post-postrow post-candidates sfhover\">\n\t\t\t\t<style>\n\t\t\t\t#vlag1:hover .candidate-flag-info, #vlag1.sfhover .candidate-flag-info {\t\t\t\t\t\t\t\t\t\n\t\t\t\t\tbackground:url('https:\/\/songfestival.be\/wp-content\/uploads\/2022\/12\/albina_kelmendi_albanie_albania_2023_rtsh-475x250.png') no-repeat center;\n\t\t\t\t\tbackground-size: cover;\t\t\t\t\t\n\t\t\t\t}\n\t\t\t\t<\/style>\n\t\t\t\t<div id=\"vlag1\" class=\"candidate-flag sfhover\">\n\t\t\t\t\t<div class=\"candidate-flag-info-overlay\">\n\t\t\t\t\t\t<img alt=\"candidateflag\" src=\"https:\/\/songfestival.be\/wp-content\/themes\/songfestival\/img\/vlaggen\/big\/AL.jpg\" height=\"500\" width=\"500\">\n\t\t\t\t\t\t<h3>Albanie<\/h3>\t\t\t\t\t<\/div>\t\t\t\n\t\t\t\t\t<div class=\"candidate-flag-info\">\n\t\t\t\t\t\t<a href=\"https:\/\/songfestival.be\/kandidaten\/59570\/\"><h3>Albina & Familja Kelmendi<br \/>Duje<\/h3><\/a>\n\t\t\t\t\t<\/div>\t\t\t\t\t\t\t\n\t\t\t\t<\/div>\t\t\t\t\t\t\t\t\t\t\t\t\t                      \n\t\t\t\t\t\t\t\t<style>\n\t\t\t\t#vlag2:hover .candidate-flag-info, #vlag2.sfhover .candidate-flag-info {\t\t\t\t\t\t\t\t\t\n\t\t\t\t\tbackground:url('https:\/\/songfestival.be\/wp-content\/uploads\/2023\/03\/lordofthelost_2023_duitsland_vd-pictires-475x250.jpg') no-repeat center;\n\t\t\t\t\tbackground-size: cover;\t\t\t\t\t\n\t\t\t\t}\n\t\t\t\t<\/style>\n\t\t\t\t<div id=\"vlag2\" class=\"candidate-flag sfhover\">\n\t\t\t\t\t<div class=\"candidate-flag-info-overlay\">\n\t\t\t\t\t\t<img alt=\"candidateflag\" src=\"https:\/\/songfestival.be\/wp-content\/themes\/songfestival\/img\/vlaggen\/big\/DE.jpg\" height=\"500\" width=\"500\">\n\t\t\t\t\t\t<h3>Allemagne<\/h3>\t\t\t\t\t<\/div>\t\t\t\n\t\t\t\t\t<div class=\"candidate-flag-info\">\n\t\t\t\t\t\t<a href=\"https:\/\/songfestival.be\/kandidaten\/62256\/\"><h3>Lord of the Lost<br \/>Blood & Glitter<\/h3><\/a>\n\t\t\t\t\t<\/div>\t\t\t\t\t\t\t\n\t\t\t\t<\/div>\t\t\t\t\t\t\t\t\t\t\t\t\t                      \n\t\t\t\t\t\t\t\t<style>\n\t\t\t\t#vlag3:hover .candidate-flag-info, #vlag3.sfhover .candidate-flag-info {\t\t\t\t\t\t\t\t\t\n\t\t\t\t\tbackground:url('https:\/\/songfestival.be\/wp-content\/uploads\/2023\/02\/brunette_armeni_armenia_2023-475x250.png') no-repeat center;\n\t\t\t\t\tbackground-size: cover;\t\t\t\t\t\n\t\t\t\t}\n\t\t\t\t<\/style>\n\t\t\t\t<div id=\"vlag3\" class=\"candidate-flag sfhover\">\n\t\t\t\t\t<div class=\"candidate-flag-info-overlay\">\n\t\t\t\t\t\t<img alt=\"candidateflag\" src=\"https:\/\/songfestival.be\/wp-content\/themes\/songfestival\/img\/vlaggen\/big\/AM.jpg\" height=\"500\" width=\"500\">\n\t\t\t\t\t\t<h3>Arm\u00e9nie<\/h3>\t\t\t\t\t<\/div>\t\t\t\n\t\t\t\t\t<div class=\"candidate-flag-info\">\n\t\t\t\t\t\t<a href=\"https:\/\/songfestival.be\/kandidaten\/60971\/\"><h3>Brunette<br \/>Future Lover<\/h3><\/a>\n\t\t\t\t\t<\/div>\t\t\t\t\t\t\t\n\t\t\t\t<\/div>\t\t\t\t\t\t\t\t\t\t\t\t\t                      \n\t\t\t\t\t\t\t\t<style>\n\t\t\t\t#vlag4:hover .candidate-flag-info, #vlag4.sfhover .candidate-flag-info {\t\t\t\t\t\t\t\t\t\n\t\t\t\t\tbackground:url('https:\/\/songfestival.be\/wp-content\/uploads\/2023\/02\/voyager_aus_sbs_2023-475x250.png') no-repeat center;\n\t\t\t\t\tbackground-size: cover;\t\t\t\t\t\n\t\t\t\t}\n\t\t\t\t<\/style>\n\t\t\t\t<div id=\"vlag4\" class=\"candidate-flag sfhover\">\n\t\t\t\t\t<div class=\"candidate-flag-info-overlay\">\n\t\t\t\t\t\t<img alt=\"candidateflag\" src=\"https:\/\/songfestival.be\/wp-content\/themes\/songfestival\/img\/vlaggen\/big\/AU.jpg\" height=\"500\" width=\"500\">\n\t\t\t\t\t\t<h3>Australie<\/h3>\t\t\t\t\t<\/div>\t\t\t\n\t\t\t\t\t<div class=\"candidate-flag-info\">\n\t\t\t\t\t\t<a href=\"https:\/\/songfestival.be\/kandidaten\/61748\/\"><h3>Voyager<br \/>Promise<\/h3><\/a>\n\t\t\t\t\t<\/div>\t\t\t\t\t\t\t\n\t\t\t\t<\/div>\t\t\t\t\t\t\t\t\t\t\t\t\t                      \n\t\t\t\t\t\t\t\t<style>\n\t\t\t\t#vlag5:hover .candidate-flag-info, #vlag5.sfhover .candidate-flag-info {\t\t\t\t\t\t\t\t\t\n\t\t\t\t\tbackground:url('https:\/\/songfestival.be\/wp-content\/uploads\/2023\/01\/teya_salena_oostenrijk2023_austria_orf-475x250.png') no-repeat center;\n\t\t\t\t\tbackground-size: cover;\t\t\t\t\t\n\t\t\t\t}\n\t\t\t\t<\/style>\n\t\t\t\t<div id=\"vlag5\" class=\"candidate-flag sfhover\">\n\t\t\t\t\t<div class=\"candidate-flag-info-overlay\">\n\t\t\t\t\t\t<img alt=\"candidateflag\" src=\"https:\/\/songfestival.be\/wp-content\/themes\/songfestival\/img\/vlaggen\/big\/AT.jpg\" height=\"500\" width=\"500\">\n\t\t\t\t\t\t<h3>Autriche<\/h3>\t\t\t\t\t<\/div>\t\t\t\n\t\t\t\t\t<div class=\"candidate-flag-info\">\n\t\t\t\t\t\t<a href=\"https:\/\/songfestival.be\/kandidaten\/60911\/\"><h3>Teya & Salena<br \/>Who The Hell Is Edgar?<\/h3><\/a>\n\t\t\t\t\t<\/div>\t\t\t\t\t\t\t\n\t\t\t\t<\/div>\t\t\t\t\t\t\t\t\t\t\t\t\t                      \n\t\t\t\t\t\t\t\t<style>\n\t\t\t\t#vlag6:hover .candidate-flag-info, #vlag6.sfhover .candidate-flag-info {\t\t\t\t\t\t\t\t\t\n\t\t\t\t\tbackground:url('https:\/\/songfestival.be\/wp-content\/uploads\/2023\/03\/turalturanx_azer_2023-475x250.jpeg') no-repeat center;\n\t\t\t\t\tbackground-size: cover;\t\t\t\t\t\n\t\t\t\t}\n\t\t\t\t<\/style>\n\t\t\t\t<div id=\"vlag6\" class=\"candidate-flag sfhover\">\n\t\t\t\t\t<div class=\"candidate-flag-info-overlay\">\n\t\t\t\t\t\t<img alt=\"candidateflag\" src=\"https:\/\/songfestival.be\/wp-content\/themes\/songfestival\/img\/vlaggen\/big\/AZ.jpg\" height=\"500\" width=\"500\">\n\t\t\t\t\t\t<h3>Azerba\u00efdjan<\/h3>\t\t\t\t\t<\/div>\t\t\t\n\t\t\t\t\t<div class=\"candidate-flag-info\">\n\t\t\t\t\t\t<a href=\"https:\/\/songfestival.be\/kandidaten\/62586\/\"><h3>TuralTuranX<br \/>Tell Me More<\/h3><\/a>\n\t\t\t\t\t<\/div>\t\t\t\t\t\t\t\n\t\t\t\t<\/div>\t\t\t\t\t\t\t\t\t\t\t\t\t                      \n\t\t\t\t\t\t\t\t<style>\n\t\t\t\t#vlag7:hover .candidate-flag-info, #vlag7.sfhover .candidate-flag-info {\t\t\t\t\t\t\t\t\t\n\t\t\t\t\tbackground:url('https:\/\/songfestival.be\/wp-content\/uploads\/2023\/01\/gustaph_portret4_roen-lommelen-475x250.png') no-repeat center;\n\t\t\t\t\tbackground-size: cover;\t\t\t\t\t\n\t\t\t\t}\n\t\t\t\t<\/style>\n\t\t\t\t<div id=\"vlag7\" class=\"candidate-flag sfhover\">\n\t\t\t\t\t<div class=\"candidate-flag-info-overlay\">\n\t\t\t\t\t\t<img alt=\"candidateflag\" src=\"https:\/\/songfestival.be\/wp-content\/themes\/songfestival\/img\/vlaggen\/big\/BE.jpg\" height=\"500\" width=\"500\">\n\t\t\t\t\t\t<h3>Belgique<\/h3>\t\t\t\t\t<\/div>\t\t\t\n\t\t\t\t\t<div class=\"candidate-flag-info\">\n\t\t\t\t\t\t<a href=\"https:\/\/songfestival.be\/kandidaten\/60363\/\"><h3>Gustaph<br \/>Because of You<\/h3><\/a>\n\t\t\t\t\t<\/div>\t\t\t\t\t\t\t\n\t\t\t\t<\/div>\t\t\t\t\t\t\t\t\t\t\t\t\t                      \n\t\t\t\t\t\t\t\t<style>\n\t\t\t\t#vlag8:hover .candidate-flag-info, #vlag8.sfhover .candidate-flag-info {\t\t\t\t\t\t\t\t\t\n\t\t\t\t\tbackground:url('https:\/\/songfestival.be\/wp-content\/uploads\/2022\/10\/cyprus2023_andrewlambrou_promo-475x250.jpg') no-repeat center;\n\t\t\t\t\tbackground-size: cover;\t\t\t\t\t\n\t\t\t\t}\n\t\t\t\t<\/style>\n\t\t\t\t<div id=\"vlag8\" class=\"candidate-flag sfhover\">\n\t\t\t\t\t<div class=\"candidate-flag-info-overlay\">\n\t\t\t\t\t\t<img alt=\"candidateflag\" src=\"https:\/\/songfestival.be\/wp-content\/themes\/songfestival\/img\/vlaggen\/big\/CY.jpg\" height=\"500\" width=\"500\">\n\t\t\t\t\t\t<h3>Chypre<\/h3>\t\t\t\t\t<\/div>\t\t\t\n\t\t\t\t\t<div class=\"candidate-flag-info\">\n\t\t\t\t\t\t<a href=\"https:\/\/songfestival.be\/kandidaten\/58425\/\"><h3>Andrew Lambrou<br \/>Break a Broken Heart<\/h3><\/a>\n\t\t\t\t\t<\/div>\t\t\t\t\t\t\t\n\t\t\t\t<\/div>\t\t\t\t\t\t\t\t\t\t\t\t\t                      \n\t\t\t\t\t\t\t\t<style>\n\t\t\t\t#vlag9:hover .candidate-flag-info, #vlag9.sfhover .candidate-flag-info {\t\t\t\t\t\t\t\t\t\n\t\t\t\t\tbackground:url('https:\/\/songfestival.be\/wp-content\/uploads\/2023\/02\/let3-kroatie_2023-475x250.png') no-repeat center;\n\t\t\t\t\tbackground-size: cover;\t\t\t\t\t\n\t\t\t\t}\n\t\t\t\t<\/style>\n\t\t\t\t<div id=\"vlag9\" class=\"candidate-flag sfhover\">\n\t\t\t\t\t<div class=\"candidate-flag-info-overlay\">\n\t\t\t\t\t\t<img alt=\"candidateflag\" src=\"https:\/\/songfestival.be\/wp-content\/themes\/songfestival\/img\/vlaggen\/big\/HR.jpg\" height=\"500\" width=\"500\">\n\t\t\t\t\t\t<h3>Croatie<\/h3>\t\t\t\t\t<\/div>\t\t\t\n\t\t\t\t\t<div class=\"candidate-flag-info\">\n\t\t\t\t\t\t<a href=\"https:\/\/songfestival.be\/kandidaten\/61571\/\"><h3>Let 3<br \/>Mama \u0160\u010c!<\/h3><\/a>\n\t\t\t\t\t<\/div>\t\t\t\t\t\t\t\n\t\t\t\t<\/div>\t\t\t\t\t\t\t\t\t\t\t\t\t                      \n\t\t\t\t\t\t\t\t<style>\n\t\t\t\t#vlag10:hover .candidate-flag-info, #vlag10.sfhover .candidate-flag-info {\t\t\t\t\t\t\t\t\t\n\t\t\t\t\tbackground:url('https:\/\/songfestival.be\/wp-content\/uploads\/2023\/02\/reiley_dk-475x250.png') no-repeat center;\n\t\t\t\t\tbackground-size: cover;\t\t\t\t\t\n\t\t\t\t}\n\t\t\t\t<\/style>\n\t\t\t\t<div id=\"vlag10\" class=\"candidate-flag sfhover\">\n\t\t\t\t\t<div class=\"candidate-flag-info-overlay\">\n\t\t\t\t\t\t<img alt=\"candidateflag\" src=\"https:\/\/songfestival.be\/wp-content\/themes\/songfestival\/img\/vlaggen\/big\/DK.jpg\" height=\"500\" width=\"500\">\n\t\t\t\t\t\t<h3>Danemark<\/h3>\t\t\t\t\t<\/div>\t\t\t\n\t\t\t\t\t<div class=\"candidate-flag-info\">\n\t\t\t\t\t\t<a href=\"https:\/\/songfestival.be\/kandidaten\/61554\/\"><h3>Reiley<br \/>Breaking My Heart<\/h3><\/a>\n\t\t\t\t\t<\/div>\t\t\t\t\t\t\t\n\t\t\t\t<\/div>\t\t\t\t\t\t\t\t\t\t\t\t\t                      \n\t\t\t\t\t\t\t\t<style>\n\t\t\t\t#vlag11:hover .candidate-flag-info, #vlag11.sfhover .candidate-flag-info {\t\t\t\t\t\t\t\t\t\n\t\t\t\t\tbackground:url('https:\/\/songfestival.be\/wp-content\/uploads\/2023\/02\/palomablanca_spain_spanje_2023_rtve-475x250.png') no-repeat center;\n\t\t\t\t\tbackground-size: cover;\t\t\t\t\t\n\t\t\t\t}\n\t\t\t\t<\/style>\n\t\t\t\t<div id=\"vlag11\" class=\"candidate-flag sfhover\">\n\t\t\t\t\t<div class=\"candidate-flag-info-overlay\">\n\t\t\t\t\t\t<img alt=\"candidateflag\" src=\"https:\/\/songfestival.be\/wp-content\/themes\/songfestival\/img\/vlaggen\/big\/ES.jpg\" height=\"500\" width=\"500\">\n\t\t\t\t\t\t<h3>Espagne<\/h3>\t\t\t\t\t<\/div>\t\t\t\n\t\t\t\t\t<div class=\"candidate-flag-info\">\n\t\t\t\t\t\t<a href=\"https:\/\/songfestival.be\/kandidaten\/61212\/\"><h3>Blanca Paloma<br \/>Eaea<\/h3><\/a>\n\t\t\t\t\t<\/div>\t\t\t\t\t\t\t\n\t\t\t\t<\/div>\t\t\t\t\t\t\t\t\t\t\t\t\t                      \n\t\t\t\t\t\t\t\t<style>\n\t\t\t\t#vlag12:hover .candidate-flag-info, #vlag12.sfhover .candidate-flag-info {\t\t\t\t\t\t\t\t\t\n\t\t\t\t\tbackground:url('https:\/\/songfestival.be\/wp-content\/uploads\/2023\/02\/alika_estland_estonia_2023_promo-475x250.png') no-repeat center;\n\t\t\t\t\tbackground-size: cover;\t\t\t\t\t\n\t\t\t\t}\n\t\t\t\t<\/style>\n\t\t\t\t<div id=\"vlag12\" class=\"candidate-flag sfhover\">\n\t\t\t\t\t<div class=\"candidate-flag-info-overlay\">\n\t\t\t\t\t\t<img alt=\"candidateflag\" src=\"https:\/\/songfestival.be\/wp-content\/themes\/songfestival\/img\/vlaggen\/big\/EE.jpg\" height=\"500\" width=\"500\">\n\t\t\t\t\t\t<h3>Estonie<\/h3>\t\t\t\t\t<\/div>\t\t\t\n\t\t\t\t\t<div class=\"candidate-flag-info\">\n\t\t\t\t\t\t<a href=\"https:\/\/songfestival.be\/kandidaten\/61493\/\"><h3>Alika<br \/>Bridges<\/h3><\/a>\n\t\t\t\t\t<\/div>\t\t\t\t\t\t\t\n\t\t\t\t<\/div>\t\t\t\t\t\t\t\t\t\t\t\t\t                      \n\t\t\t\t\t\t\t\t<style>\n\t\t\t\t#vlag13:hover .candidate-flag-info, #vlag13.sfhover .candidate-flag-info {\t\t\t\t\t\t\t\t\t\n\t\t\t\t\tbackground:url('https:\/\/songfestival.be\/wp-content\/uploads\/2023\/02\/finland2023_yle_kaarija-475x250.jpg') no-repeat center;\n\t\t\t\t\tbackground-size: cover;\t\t\t\t\t\n\t\t\t\t}\n\t\t\t\t<\/style>\n\t\t\t\t<div id=\"vlag13\" class=\"candidate-flag sfhover\">\n\t\t\t\t\t<div class=\"candidate-flag-info-overlay\">\n\t\t\t\t\t\t<img alt=\"candidateflag\" src=\"https:\/\/songfestival.be\/wp-content\/themes\/songfestival\/img\/vlaggen\/big\/FI.jpg\" height=\"500\" width=\"500\">\n\t\t\t\t\t\t<h3>Finlande<\/h3>\t\t\t\t\t<\/div>\t\t\t\n\t\t\t\t\t<div class=\"candidate-flag-info\">\n\t\t\t\t\t\t<a href=\"https:\/\/songfestival.be\/kandidaten\/62032\/\"><h3>K\u00e4\u00e4rij\u00e4<br \/>Cha Cha Cha<\/h3><\/a>\n\t\t\t\t\t<\/div>\t\t\t\t\t\t\t\n\t\t\t\t<\/div>\t\t\t\t\t\t\t\t\t\t\t\t\t                      \n\t\t\t\t\t\t\t\t<style>\n\t\t\t\t#vlag14:hover .candidate-flag-info, #vlag14.sfhover .candidate-flag-info {\t\t\t\t\t\t\t\t\t\n\t\t\t\t\tbackground:url('https:\/\/songfestival.be\/wp-content\/uploads\/2023\/01\/lazarra_eurovision_rvb_v5-475x250.jpg') no-repeat center;\n\t\t\t\t\tbackground-size: cover;\t\t\t\t\t\n\t\t\t\t}\n\t\t\t\t<\/style>\n\t\t\t\t<div id=\"vlag14\" class=\"candidate-flag sfhover\">\n\t\t\t\t\t<div class=\"candidate-flag-info-overlay\">\n\t\t\t\t\t\t<img alt=\"candidateflag\" src=\"https:\/\/songfestival.be\/wp-content\/themes\/songfestival\/img\/vlaggen\/big\/FR.jpg\" height=\"500\" width=\"500\">\n\t\t\t\t\t\t<h3>France<\/h3>\t\t\t\t\t<\/div>\t\t\t\n\t\t\t\t\t<div class=\"candidate-flag-info\">\n\t\t\t\t\t\t<a href=\"https:\/\/songfestival.be\/kandidaten\/59731\/\"><h3>La Zarra<br \/>\u00c9videmment<\/h3><\/a>\n\t\t\t\t\t<\/div>\t\t\t\t\t\t\t\n\t\t\t\t<\/div>\t\t\t\t\t\t\t\t\t\t\t\t\t                      \n\t\t\t\t\t\t\t\t<style>\n\t\t\t\t#vlag15:hover .candidate-flag-info, #vlag15.sfhover .candidate-flag-info {\t\t\t\t\t\t\t\t\t\n\t\t\t\t\tbackground:url('https:\/\/songfestival.be\/wp-content\/uploads\/2023\/02\/georgia-2023-iru-khechanovi-475x250.jpg') no-repeat center;\n\t\t\t\t\tbackground-size: cover;\t\t\t\t\t\n\t\t\t\t}\n\t\t\t\t<\/style>\n\t\t\t\t<div id=\"vlag15\" class=\"candidate-flag sfhover\">\n\t\t\t\t\t<div class=\"candidate-flag-info-overlay\">\n\t\t\t\t\t\t<img alt=\"candidateflag\" src=\"https:\/\/songfestival.be\/wp-content\/themes\/songfestival\/img\/vlaggen\/big\/GE.jpg\" height=\"500\" width=\"500\">\n\t\t\t\t\t\t<h3>G\u00e9orgie<\/h3>\t\t\t\t\t<\/div>\t\t\t\n\t\t\t\t\t<div class=\"candidate-flag-info\">\n\t\t\t\t\t\t<a href=\"https:\/\/songfestival.be\/kandidaten\/61072\/\"><h3>Iru<br \/>Echo<\/h3><\/a>\n\t\t\t\t\t<\/div>\t\t\t\t\t\t\t\n\t\t\t\t<\/div>\t\t\t\t\t\t\t\t\t\t\t\t\t                      \n\t\t\t\t\t\t\t\t<style>\n\t\t\t\t#vlag16:hover .candidate-flag-info, #vlag16.sfhover .candidate-flag-info {\t\t\t\t\t\t\t\t\t\n\t\t\t\t\tbackground:url('https:\/\/songfestival.be\/wp-content\/uploads\/2023\/01\/victorvernicos_greece_griekenland2023_nikoszikos-475x250.png') no-repeat center;\n\t\t\t\t\tbackground-size: cover;\t\t\t\t\t\n\t\t\t\t}\n\t\t\t\t<\/style>\n\t\t\t\t<div id=\"vlag16\" class=\"candidate-flag sfhover\">\n\t\t\t\t\t<div class=\"candidate-flag-info-overlay\">\n\t\t\t\t\t\t<img alt=\"candidateflag\" src=\"https:\/\/songfestival.be\/wp-content\/themes\/songfestival\/img\/vlaggen\/big\/GR.jpg\" height=\"500\" width=\"500\">\n\t\t\t\t\t\t<h3>Gr\u00e8ce<\/h3>\t\t\t\t\t<\/div>\t\t\t\n\t\t\t\t\t<div class=\"candidate-flag-info\">\n\t\t\t\t\t\t<a href=\"https:\/\/songfestival.be\/kandidaten\/60894\/\"><h3>Victor Vernicos<br \/>What They Say<\/h3><\/a>\n\t\t\t\t\t<\/div>\t\t\t\t\t\t\t\n\t\t\t\t<\/div>\t\t\t\t\t\t\t\t\t\t\t\t\t                      \n\t\t\t\t\t\t\t\t<style>\n\t\t\t\t#vlag17:hover .candidate-flag-info, #vlag17.sfhover .candidate-flag-info {\t\t\t\t\t\t\t\t\t\n\t\t\t\t\tbackground:url('https:\/\/songfestival.be\/wp-content\/uploads\/2023\/02\/wildyouth_eurosong2023_ierland_rte-475x250.png') no-repeat center;\n\t\t\t\t\tbackground-size: cover;\t\t\t\t\t\n\t\t\t\t}\n\t\t\t\t<\/style>\n\t\t\t\t<div id=\"vlag17\" class=\"candidate-flag sfhover\">\n\t\t\t\t\t<div class=\"candidate-flag-info-overlay\">\n\t\t\t\t\t\t<img alt=\"candidateflag\" src=\"https:\/\/songfestival.be\/wp-content\/themes\/songfestival\/img\/vlaggen\/big\/IE.jpg\" height=\"500\" width=\"500\">\n\t\t\t\t\t\t<h3>Irlande<\/h3>\t\t\t\t\t<\/div>\t\t\t\n\t\t\t\t\t<div class=\"candidate-flag-info\">\n\t\t\t\t\t\t<a href=\"https:\/\/songfestival.be\/kandidaten\/61125\/\"><h3>Wild Youth<br \/>We Are One<\/h3><\/a>\n\t\t\t\t\t<\/div>\t\t\t\t\t\t\t\n\t\t\t\t<\/div>\t\t\t\t\t\t\t\t\t\t\t\t\t                      \n\t\t\t\t\t\t\t\t<style>\n\t\t\t\t#vlag18:hover .candidate-flag-info, #vlag18.sfhover .candidate-flag-info {\t\t\t\t\t\t\t\t\t\n\t\t\t\t\tbackground:url('https:\/\/songfestival.be\/wp-content\/uploads\/2023\/03\/dilja_2023ijsland_ruv-475x250.png') no-repeat center;\n\t\t\t\t\tbackground-size: cover;\t\t\t\t\t\n\t\t\t\t}\n\t\t\t\t<\/style>\n\t\t\t\t<div id=\"vlag18\" class=\"candidate-flag sfhover\">\n\t\t\t\t\t<div class=\"candidate-flag-info-overlay\">\n\t\t\t\t\t\t<img alt=\"candidateflag\" src=\"https:\/\/songfestival.be\/wp-content\/themes\/songfestival\/img\/vlaggen\/big\/IS.jpg\" height=\"500\" width=\"500\">\n\t\t\t\t\t\t<h3>Islande<\/h3>\t\t\t\t\t<\/div>\t\t\t\n\t\t\t\t\t<div class=\"candidate-flag-info\">\n\t\t\t\t\t\t<a href=\"https:\/\/songfestival.be\/kandidaten\/esc-2023-iceland\/\"><h3>Dilj\u00e1<br \/>Power<\/h3><\/a>\n\t\t\t\t\t<\/div>\t\t\t\t\t\t\t\n\t\t\t\t<\/div>\t\t\t\t\t\t\t\t\t\t\t\t\t                      \n\t\t\t\t\t\t\t\t<style>\n\t\t\t\t#vlag19:hover .candidate-flag-info, #vlag19.sfhover .candidate-flag-info {\t\t\t\t\t\t\t\t\t\n\t\t\t\t\tbackground:url('https:\/\/songfestival.be\/wp-content\/uploads\/2022\/08\/7c03e06e-5236-4d1b-b013-fee490540d42-475x250.jpeg') no-repeat center;\n\t\t\t\t\tbackground-size: cover;\t\t\t\t\t\n\t\t\t\t}\n\t\t\t\t<\/style>\n\t\t\t\t<div id=\"vlag19\" class=\"candidate-flag sfhover\">\n\t\t\t\t\t<div class=\"candidate-flag-info-overlay\">\n\t\t\t\t\t\t<img alt=\"candidateflag\" src=\"https:\/\/songfestival.be\/wp-content\/themes\/songfestival\/img\/vlaggen\/big\/IL.jpg\" height=\"500\" width=\"500\">\n\t\t\t\t\t\t<h3>Isra\u00ebl<\/h3>\t\t\t\t\t<\/div>\t\t\t\n\t\t\t\t\t<div class=\"candidate-flag-info\">\n\t\t\t\t\t\t<a href=\"https:\/\/songfestival.be\/kandidaten\/58043\/\"><h3>Noa Kirel<br \/>Unicorn<\/h3><\/a>\n\t\t\t\t\t<\/div>\t\t\t\t\t\t\t\n\t\t\t\t<\/div>\t\t\t\t\t\t\t\t\t\t\t\t\t                      \n\t\t\t\t\t\t\t\t<style>\n\t\t\t\t#vlag20:hover .candidate-flag-info, #vlag20.sfhover .candidate-flag-info {\t\t\t\t\t\t\t\t\t\n\t\t\t\t\tbackground:url('https:\/\/songfestival.be\/wp-content\/uploads\/2023\/02\/italy-marco-mengoni-ph-andrea-bianchera-2023-475x250.jpg') no-repeat center;\n\t\t\t\t\tbackground-size: cover;\t\t\t\t\t\n\t\t\t\t}\n\t\t\t\t<\/style>\n\t\t\t\t<div id=\"vlag20\" class=\"candidate-flag sfhover\">\n\t\t\t\t\t<div class=\"candidate-flag-info-overlay\">\n\t\t\t\t\t\t<img alt=\"candidateflag\" src=\"https:\/\/songfestival.be\/wp-content\/themes\/songfestival\/img\/vlaggen\/big\/IT.jpg\" height=\"500\" width=\"500\">\n\t\t\t\t\t\t<h3>Italie<\/h3>\t\t\t\t\t<\/div>\t\t\t\n\t\t\t\t\t<div class=\"candidate-flag-info\">\n\t\t\t\t\t\t<a href=\"https:\/\/songfestival.be\/kandidaten\/61607\/\"><h3>Marco Mengoni<br \/>Due vite<\/h3><\/a>\n\t\t\t\t\t<\/div>\t\t\t\t\t\t\t\n\t\t\t\t<\/div>\t\t\t\t\t\t\t\t\t\t\t\t\t                      \n\t\t\t\t\t\t\t\t<style>\n\t\t\t\t#vlag21:hover .candidate-flag-info, #vlag21.sfhover .candidate-flag-info {\t\t\t\t\t\t\t\t\t\n\t\t\t\t\tbackground:url('https:\/\/songfestival.be\/wp-content\/uploads\/2023\/02\/sudden_lights_letland_latvia_2023_promo-475x250.jpeg') no-repeat center;\n\t\t\t\t\tbackground-size: cover;\t\t\t\t\t\n\t\t\t\t}\n\t\t\t\t<\/style>\n\t\t\t\t<div id=\"vlag21\" class=\"candidate-flag sfhover\">\n\t\t\t\t\t<div class=\"candidate-flag-info-overlay\">\n\t\t\t\t\t\t<img alt=\"candidateflag\" src=\"https:\/\/songfestival.be\/wp-content\/themes\/songfestival\/img\/vlaggen\/big\/LV.jpg\" height=\"500\" width=\"500\">\n\t\t\t\t\t\t<h3>Lettonie<\/h3>\t\t\t\t\t<\/div>\t\t\t\n\t\t\t\t\t<div class=\"candidate-flag-info\">\n\t\t\t\t\t\t<a href=\"https:\/\/songfestival.be\/kandidaten\/61509\/\"><h3>Sudden Lights<br \/>Aij\u0101<\/h3><\/a>\n\t\t\t\t\t<\/div>\t\t\t\t\t\t\t\n\t\t\t\t<\/div>\t\t\t\t\t\t\t\t\t\t\t\t\t                      \n\t\t\t\t\t\t\t\t<style>\n\t\t\t\t#vlag22:hover .candidate-flag-info, #vlag22.sfhover .candidate-flag-info {\t\t\t\t\t\t\t\t\t\n\t\t\t\t\tbackground:url('https:\/\/songfestival.be\/wp-content\/uploads\/2023\/02\/monikalinkyte_litouwen_2023_lrt-475x250.png') no-repeat center;\n\t\t\t\t\tbackground-size: cover;\t\t\t\t\t\n\t\t\t\t}\n\t\t\t\t<\/style>\n\t\t\t\t<div id=\"vlag22\" class=\"candidate-flag sfhover\">\n\t\t\t\t\t<div class=\"candidate-flag-info-overlay\">\n\t\t\t\t\t\t<img alt=\"candidateflag\" src=\"https:\/\/songfestival.be\/wp-content\/themes\/songfestival\/img\/vlaggen\/big\/LT.jpg\" height=\"500\" width=\"500\">\n\t\t\t\t\t\t<h3>Lituanie<\/h3>\t\t\t\t\t<\/div>\t\t\t\n\t\t\t\t\t<div class=\"candidate-flag-info\">\n\t\t\t\t\t\t<a href=\"https:\/\/songfestival.be\/kandidaten\/61717\/\"><h3>Monika Linkyt\u0117<br \/>Stay<\/h3><\/a>\n\t\t\t\t\t<\/div>\t\t\t\t\t\t\t\n\t\t\t\t<\/div>\t\t\t\t\t\t\t\t\t\t\t\t\t                      \n\t\t\t\t\t\t\t\t<style>\n\t\t\t\t#vlag23:hover .candidate-flag-info, #vlag23.sfhover .candidate-flag-info {\t\t\t\t\t\t\t\t\t\n\t\t\t\t\tbackground:url('https:\/\/songfestival.be\/wp-content\/uploads\/2023\/02\/thebusker_fotodarylcauchi-475x250.jpeg') no-repeat center;\n\t\t\t\t\tbackground-size: cover;\t\t\t\t\t\n\t\t\t\t}\n\t\t\t\t<\/style>\n\t\t\t\t<div id=\"vlag23\" class=\"candidate-flag sfhover\">\n\t\t\t\t\t<div class=\"candidate-flag-info-overlay\">\n\t\t\t\t\t\t<img alt=\"candidateflag\" src=\"https:\/\/songfestival.be\/wp-content\/themes\/songfestival\/img\/vlaggen\/big\/MT.jpg\" height=\"500\" width=\"500\">\n\t\t\t\t\t\t<h3>Malte<\/h3>\t\t\t\t\t<\/div>\t\t\t\n\t\t\t\t\t<div class=\"candidate-flag-info\">\n\t\t\t\t\t\t<a href=\"https:\/\/songfestival.be\/kandidaten\/61614\/\"><h3>The Busker<br \/>Dance (Our Own Party)<\/h3><\/a>\n\t\t\t\t\t<\/div>\t\t\t\t\t\t\t\n\t\t\t\t<\/div>\t\t\t\t\t\t\t\t\t\t\t\t\t                      \n\t\t\t\t\t\t\t\t<style>\n\t\t\t\t#vlag24:hover .candidate-flag-info, #vlag24.sfhover .candidate-flag-info {\t\t\t\t\t\t\t\t\t\n\t\t\t\t\tbackground:url('https:\/\/songfestival.be\/wp-content\/uploads\/2023\/03\/pashaparfney2023_trm-475x250.png') no-repeat center;\n\t\t\t\t\tbackground-size: cover;\t\t\t\t\t\n\t\t\t\t}\n\t\t\t\t<\/style>\n\t\t\t\t<div id=\"vlag24\" class=\"candidate-flag sfhover\">\n\t\t\t\t\t<div class=\"candidate-flag-info-overlay\">\n\t\t\t\t\t\t<img alt=\"candidateflag\" src=\"https:\/\/songfestival.be\/wp-content\/themes\/songfestival\/img\/vlaggen\/big\/MD.jpg\" height=\"500\" width=\"500\">\n\t\t\t\t\t\t<h3>Moldavie<\/h3>\t\t\t\t\t<\/div>\t\t\t\n\t\t\t\t\t<div class=\"candidate-flag-info\">\n\t\t\t\t\t\t<a href=\"https:\/\/songfestival.be\/kandidaten\/62286\/\"><h3>Pasha Parfeni<br \/>Soarele \u015fi luna<\/h3><\/a>\n\t\t\t\t\t<\/div>\t\t\t\t\t\t\t\n\t\t\t\t<\/div>\t\t\t\t\t\t\t\t\t\t\t\t\t                      \n\t\t\t\t\t\t\t\t<style>\n\t\t\t\t#vlag25:hover .candidate-flag-info, #vlag25.sfhover .candidate-flag-info {\t\t\t\t\t\t\t\t\t\n\t\t\t\t\tbackground:url('https:\/\/songfestival.be\/wp-content\/uploads\/2023\/02\/alessandramele-475x250.png') no-repeat center;\n\t\t\t\t\tbackground-size: cover;\t\t\t\t\t\n\t\t\t\t}\n\t\t\t\t<\/style>\n\t\t\t\t<div id=\"vlag25\" class=\"candidate-flag sfhover\">\n\t\t\t\t\t<div class=\"candidate-flag-info-overlay\">\n\t\t\t\t\t\t<img alt=\"candidateflag\" src=\"https:\/\/songfestival.be\/wp-content\/themes\/songfestival\/img\/vlaggen\/big\/NO.jpg\" height=\"500\" width=\"500\">\n\t\t\t\t\t\t<h3>Norv\u00e8ge<\/h3>\t\t\t\t\t<\/div>\t\t\t\n\t\t\t\t\t<div class=\"candidate-flag-info\">\n\t\t\t\t\t\t<a href=\"https:\/\/songfestival.be\/kandidaten\/61214\/\"><h3>Alessandra<br \/>Queen of Kings<\/h3><\/a>\n\t\t\t\t\t<\/div>\t\t\t\t\t\t\t\n\t\t\t\t<\/div>\t\t\t\t\t\t\t\t\t\t\t\t\t                      \n\t\t\t\t\t\t\t\t<style>\n\t\t\t\t#vlag26:hover .candidate-flag-info, #vlag26.sfhover .candidate-flag-info {\t\t\t\t\t\t\t\t\t\n\t\t\t\t\tbackground:url('https:\/\/songfestival.be\/wp-content\/uploads\/2023\/03\/miadion4-475x250.jpg') no-repeat center;\n\t\t\t\t\tbackground-size: cover;\t\t\t\t\t\n\t\t\t\t}\n\t\t\t\t<\/style>\n\t\t\t\t<div id=\"vlag26\" class=\"candidate-flag sfhover\">\n\t\t\t\t\t<div class=\"candidate-flag-info-overlay\">\n\t\t\t\t\t\t<img alt=\"candidateflag\" src=\"https:\/\/songfestival.be\/wp-content\/themes\/songfestival\/img\/vlaggen\/big\/NL.jpg\" height=\"500\" width=\"500\">\n\t\t\t\t\t\t<h3>Pays-Bas<\/h3>\t\t\t\t\t<\/div>\t\t\t\n\t\t\t\t\t<div class=\"candidate-flag-info\">\n\t\t\t\t\t\t<a href=\"https:\/\/songfestival.be\/kandidaten\/58603\/\"><h3>Mia Nicolai & Dion Cooper<br \/>Burning Daylight<\/h3><\/a>\n\t\t\t\t\t<\/div>\t\t\t\t\t\t\t\n\t\t\t\t<\/div>\t\t\t\t\t\t\t\t\t\t\t\t\t                      \n\t\t\t\t\t\t\t\t<style>\n\t\t\t\t#vlag27:hover .candidate-flag-info, #vlag27.sfhover .candidate-flag-info {\t\t\t\t\t\t\t\t\t\n\t\t\t\t\tbackground:url('https:\/\/songfestival.be\/wp-content\/uploads\/2023\/02\/blanka-solo-fot--4_preview-475x250.jpg') no-repeat center;\n\t\t\t\t\tbackground-size: cover;\t\t\t\t\t\n\t\t\t\t}\n\t\t\t\t<\/style>\n\t\t\t\t<div id=\"vlag27\" class=\"candidate-flag sfhover\">\n\t\t\t\t\t<div class=\"candidate-flag-info-overlay\">\n\t\t\t\t\t\t<img alt=\"candidateflag\" src=\"https:\/\/songfestival.be\/wp-content\/themes\/songfestival\/img\/vlaggen\/big\/PL.jpg\" height=\"500\" width=\"500\">\n\t\t\t\t\t\t<h3>Pologne<\/h3>\t\t\t\t\t<\/div>\t\t\t\n\t\t\t\t\t<div class=\"candidate-flag-info\">\n\t\t\t\t\t\t<a href=\"https:\/\/songfestival.be\/kandidaten\/62138\/\"><h3>Blanka<br \/>Solo<\/h3><\/a>\n\t\t\t\t\t<\/div>\t\t\t\t\t\t\t\n\t\t\t\t<\/div>\t\t\t\t\t\t\t\t\t\t\t\t\t                      \n\t\t\t\t\t\t\t\t<style>\n\t\t\t\t#vlag28:hover .candidate-flag-info, #vlag28.sfhover .candidate-flag-info {\t\t\t\t\t\t\t\t\t\n\t\t\t\t\tbackground:url('https:\/\/songfestival.be\/wp-content\/uploads\/2023\/03\/mimicat-475x250.jpg') no-repeat center;\n\t\t\t\t\tbackground-size: cover;\t\t\t\t\t\n\t\t\t\t}\n\t\t\t\t<\/style>\n\t\t\t\t<div id=\"vlag28\" class=\"candidate-flag sfhover\">\n\t\t\t\t\t<div class=\"candidate-flag-info-overlay\">\n\t\t\t\t\t\t<img alt=\"candidateflag\" src=\"https:\/\/songfestival.be\/wp-content\/themes\/songfestival\/img\/vlaggen\/big\/PT.jpg\" height=\"500\" width=\"500\">\n\t\t\t\t\t\t<h3>Portugal<\/h3>\t\t\t\t\t<\/div>\t\t\t\n\t\t\t\t\t<div class=\"candidate-flag-info\">\n\t\t\t\t\t\t<a href=\"https:\/\/songfestival.be\/kandidaten\/62670\/\"><h3>Mimicat<br \/>Ai cora\u00e7\u00e3o<\/h3><\/a>\n\t\t\t\t\t<\/div>\t\t\t\t\t\t\t\n\t\t\t\t<\/div>\t\t\t\t\t\t\t\t\t\t\t\t\t                      \n\t\t\t\t\t\t\t\t<style>\n\t\t\t\t#vlag29:hover .candidate-flag-info, #vlag29.sfhover .candidate-flag-info {\t\t\t\t\t\t\t\t\t\n\t\t\t\t\tbackground:url('https:\/\/songfestival.be\/wp-content\/uploads\/2023\/02\/vesna_eurovision_2023_yt-475x250.jpg') no-repeat center;\n\t\t\t\t\tbackground-size: cover;\t\t\t\t\t\n\t\t\t\t}\n\t\t\t\t<\/style>\n\t\t\t\t<div id=\"vlag29\" class=\"candidate-flag sfhover\">\n\t\t\t\t\t<div class=\"candidate-flag-info-overlay\">\n\t\t\t\t\t\t<img alt=\"candidateflag\" src=\"https:\/\/songfestival.be\/wp-content\/themes\/songfestival\/img\/vlaggen\/big\/CZ.jpg\" height=\"500\" width=\"500\">\n\t\t\t\t\t\t<h3>R\u00e9publique tch\u00e8que<\/h3>\t\t\t\t\t<\/div>\t\t\t\n\t\t\t\t\t<div class=\"candidate-flag-info\">\n\t\t\t\t\t\t<a href=\"https:\/\/songfestival.be\/kandidaten\/61294\/\"><h3>Vesna<br \/>My Sister's Crown<\/h3><\/a>\n\t\t\t\t\t<\/div>\t\t\t\t\t\t\t\n\t\t\t\t<\/div>\t\t\t\t\t\t\t\t\t\t\t\t\t                      \n\t\t\t\t\t\t\t\t<style>\n\t\t\t\t#vlag30:hover .candidate-flag-info, #vlag30.sfhover .candidate-flag-info {\t\t\t\t\t\t\t\t\t\n\t\t\t\t\tbackground:url('https:\/\/songfestival.be\/wp-content\/uploads\/2023\/02\/theodorandrei-roemenie-romania-2023-tvr-475x250.jpg') no-repeat center;\n\t\t\t\t\tbackground-size: cover;\t\t\t\t\t\n\t\t\t\t}\n\t\t\t\t<\/style>\n\t\t\t\t<div id=\"vlag30\" class=\"candidate-flag sfhover\">\n\t\t\t\t\t<div class=\"candidate-flag-info-overlay\">\n\t\t\t\t\t\t<img alt=\"candidateflag\" src=\"https:\/\/songfestival.be\/wp-content\/themes\/songfestival\/img\/vlaggen\/big\/RO.jpg\" height=\"500\" width=\"500\">\n\t\t\t\t\t\t<h3>Roumanie<\/h3>\t\t\t\t\t<\/div>\t\t\t\n\t\t\t\t\t<div class=\"candidate-flag-info\">\n\t\t\t\t\t\t<a href=\"https:\/\/songfestival.be\/kandidaten\/61552\/\"><h3>Theodor Andrei<br \/>D.G.T. (Off and On)<\/h3><\/a>\n\t\t\t\t\t<\/div>\t\t\t\t\t\t\t\n\t\t\t\t<\/div>\t\t\t\t\t\t\t\t\t\t\t\t\t                      \n\t\t\t\t\t\t\t\t<style>\n\t\t\t\t#vlag31:hover .candidate-flag-info, #vlag31.sfhover .candidate-flag-info {\t\t\t\t\t\t\t\t\t\n\t\t\t\t\tbackground:url('https:\/\/songfestival.be\/wp-content\/uploads\/2023\/03\/7bfcb66b-fd81-4695-a3db-7427250e6cef_0-475x250.jpeg') no-repeat center;\n\t\t\t\t\tbackground-size: cover;\t\t\t\t\t\n\t\t\t\t}\n\t\t\t\t<\/style>\n\t\t\t\t<div id=\"vlag31\" class=\"candidate-flag sfhover\">\n\t\t\t\t\t<div class=\"candidate-flag-info-overlay\">\n\t\t\t\t\t\t<img alt=\"candidateflag\" src=\"https:\/\/songfestival.be\/wp-content\/themes\/songfestival\/img\/vlaggen\/big\/GB.jpg\" height=\"500\" width=\"500\">\n\t\t\t\t\t\t<h3>Royaume-Uni<\/h3>\t\t\t\t\t<\/div>\t\t\t\n\t\t\t\t\t<div class=\"candidate-flag-info\">\n\t\t\t\t\t\t<a href=\"https:\/\/songfestival.be\/kandidaten\/62473\/\"><h3>Mae Muller<br \/>I Wrote a Song<\/h3><\/a>\n\t\t\t\t\t<\/div>\t\t\t\t\t\t\t\n\t\t\t\t<\/div>\t\t\t\t\t\t\t\t\t\t\t\t\t                      \n\t\t\t\t\t\t\t\t<style>\n\t\t\t\t#vlag32:hover .candidate-flag-info, #vlag32.sfhover .candidate-flag-info {\t\t\t\t\t\t\t\t\t\n\t\t\t\t\tbackground:url('https:\/\/songfestival.be\/wp-content\/uploads\/2023\/02\/picquedjacks_smrtv-475x250.png') no-repeat center;\n\t\t\t\t\tbackground-size: cover;\t\t\t\t\t\n\t\t\t\t}\n\t\t\t\t<\/style>\n\t\t\t\t<div id=\"vlag32\" class=\"candidate-flag sfhover\">\n\t\t\t\t\t<div class=\"candidate-flag-info-overlay\">\n\t\t\t\t\t\t<img alt=\"candidateflag\" src=\"https:\/\/songfestival.be\/wp-content\/themes\/songfestival\/img\/vlaggen\/big\/SM.jpg\" height=\"500\" width=\"500\">\n\t\t\t\t\t\t<h3>Saint-Marin<\/h3>\t\t\t\t\t<\/div>\t\t\t\n\t\t\t\t\t<div class=\"candidate-flag-info\">\n\t\t\t\t\t\t<a href=\"https:\/\/songfestival.be\/kandidaten\/62098\/\"><h3>Piqued Jacks<br \/>Like an Animal<\/h3><\/a>\n\t\t\t\t\t<\/div>\t\t\t\t\t\t\t\n\t\t\t\t<\/div>\t\t\t\t\t\t\t\t\t\t\t\t\t                      \n\t\t\t\t\t\t\t\t<style>\n\t\t\t\t#vlag33:hover .candidate-flag-info, #vlag33.sfhover .candidate-flag-info {\t\t\t\t\t\t\t\t\t\n\t\t\t\t\tbackground:url('https:\/\/songfestival.be\/wp-content\/uploads\/2023\/03\/luke-black_2023_rts-475x250.png') no-repeat center;\n\t\t\t\t\tbackground-size: cover;\t\t\t\t\t\n\t\t\t\t}\n\t\t\t\t<\/style>\n\t\t\t\t<div id=\"vlag33\" class=\"candidate-flag sfhover\">\n\t\t\t\t\t<div class=\"candidate-flag-info-overlay\">\n\t\t\t\t\t\t<img alt=\"candidateflag\" src=\"https:\/\/songfestival.be\/wp-content\/themes\/songfestival\/img\/vlaggen\/big\/RS.jpg\" height=\"500\" width=\"500\">\n\t\t\t\t\t\t<h3>Serbie<\/h3>\t\t\t\t\t<\/div>\t\t\t\n\t\t\t\t\t<div class=\"candidate-flag-info\">\n\t\t\t\t\t\t<a href=\"https:\/\/songfestival.be\/kandidaten\/62339\/\"><h3>Luke Black<br \/>Samo mi se spava<\/h3><\/a>\n\t\t\t\t\t<\/div>\t\t\t\t\t\t\t\n\t\t\t\t<\/div>\t\t\t\t\t\t\t\t\t\t\t\t\t                      \n\t\t\t\t\t\t\t\t<style>\n\t\t\t\t#vlag34:hover .candidate-flag-info, #vlag34.sfhover .candidate-flag-info {\t\t\t\t\t\t\t\t\t\n\t\t\t\t\tbackground:url('https:\/\/songfestival.be\/wp-content\/uploads\/2022\/12\/jokeroutfacebook-475x250.jpeg') no-repeat center;\n\t\t\t\t\tbackground-size: cover;\t\t\t\t\t\n\t\t\t\t}\n\t\t\t\t<\/style>\n\t\t\t\t<div id=\"vlag34\" class=\"candidate-flag sfhover\">\n\t\t\t\t\t<div class=\"candidate-flag-info-overlay\">\n\t\t\t\t\t\t<img alt=\"candidateflag\" src=\"https:\/\/songfestival.be\/wp-content\/themes\/songfestival\/img\/vlaggen\/big\/SI.jpg\" height=\"500\" width=\"500\">\n\t\t\t\t\t\t<h3>Slov\u00e9nie<\/h3>\t\t\t\t\t<\/div>\t\t\t\n\t\t\t\t\t<div class=\"candidate-flag-info\">\n\t\t\t\t\t\t<a href=\"https:\/\/songfestival.be\/kandidaten\/59163\/\"><h3>Joker Out<br \/>Carpe diem<\/h3><\/a>\n\t\t\t\t\t<\/div>\t\t\t\t\t\t\t\n\t\t\t\t<\/div>\t\t\t\t\t\t\t\t\t\t\t\t\t                      \n\t\t\t\t\t\t\t\t<style>\n\t\t\t\t#vlag35:hover .candidate-flag-info, #vlag35.sfhover .candidate-flag-info {\t\t\t\t\t\t\t\t\t\n\t\t\t\t\tbackground:url('https:\/\/songfestival.be\/wp-content\/uploads\/2023\/03\/loreen-475x250.jpg') no-repeat center;\n\t\t\t\t\tbackground-size: cover;\t\t\t\t\t\n\t\t\t\t}\n\t\t\t\t<\/style>\n\t\t\t\t<div id=\"vlag35\" class=\"candidate-flag sfhover\">\n\t\t\t\t\t<div class=\"candidate-flag-info-overlay\">\n\t\t\t\t\t\t<img alt=\"candidateflag\" src=\"https:\/\/songfestival.be\/wp-content\/themes\/songfestival\/img\/vlaggen\/big\/SE.jpg\" height=\"500\" width=\"500\">\n\t\t\t\t\t\t<h3>Su\u00e8de<\/h3>\t\t\t\t\t<\/div>\t\t\t\n\t\t\t\t\t<div class=\"candidate-flag-info\">\n\t\t\t\t\t\t<a href=\"https:\/\/songfestival.be\/kandidaten\/62658\/\"><h3>Loreen<br \/>Tattoo<\/h3><\/a>\n\t\t\t\t\t<\/div>\t\t\t\t\t\t\t\n\t\t\t\t<\/div>\t\t\t\t\t\t\t\t\t\t\t\t\t                      \n\t\t\t\t\t\t\t\t<style>\n\t\t\t\t#vlag36:hover .candidate-flag-info, #vlag36.sfhover .candidate-flag-info {\t\t\t\t\t\t\t\t\t\n\t\t\t\t\tbackground:url('https:\/\/songfestival.be\/wp-content\/uploads\/2023\/02\/remo-forrer2-475x250.jpg') no-repeat center;\n\t\t\t\t\tbackground-size: cover;\t\t\t\t\t\n\t\t\t\t}\n\t\t\t\t<\/style>\n\t\t\t\t<div id=\"vlag36\" class=\"candidate-flag sfhover\">\n\t\t\t\t\t<div class=\"candidate-flag-info-overlay\">\n\t\t\t\t\t\t<img alt=\"candidateflag\" src=\"https:\/\/songfestival.be\/wp-content\/themes\/songfestival\/img\/vlaggen\/big\/CH.jpg\" height=\"500\" width=\"500\">\n\t\t\t\t\t\t<h3>Suisse<\/h3>\t\t\t\t\t<\/div>\t\t\t\n\t\t\t\t\t<div class=\"candidate-flag-info\">\n\t\t\t\t\t\t<a href=\"https:\/\/songfestival.be\/kandidaten\/61746\/\"><h3>Remo Forrer<br \/>Watergun<\/h3><\/a>\n\t\t\t\t\t<\/div>\t\t\t\t\t\t\t\n\t\t\t\t<\/div>\t\t\t\t\t\t\t\t\t\t\t\t\t                      \n\t\t\t\t\t\t\t\t<style>\n\t\t\t\t#vlag37:hover .candidate-flag-info, #vlag37.sfhover .candidate-flag-info {\t\t\t\t\t\t\t\t\t\n\t\t\t\t\tbackground:url('https:\/\/songfestival.be\/wp-content\/uploads\/2022\/12\/tvorchi_oekraine2023_ukraine-475x250.png') no-repeat center;\n\t\t\t\t\tbackground-size: cover;\t\t\t\t\t\n\t\t\t\t}\n\t\t\t\t<\/style>\n\t\t\t\t<div id=\"vlag37\" class=\"candidate-flag sfhover\">\n\t\t\t\t\t<div class=\"candidate-flag-info-overlay\">\n\t\t\t\t\t\t<img alt=\"candidateflag\" src=\"https:\/\/songfestival.be\/wp-content\/themes\/songfestival\/img\/vlaggen\/big\/UA.jpg\" height=\"500\" width=\"500\">\n\t\t\t\t\t\t<h3>Ukraine<\/h3>\t\t\t\t\t<\/div>\t\t\t\n\t\t\t\t\t<div class=\"candidate-flag-info\">\n\t\t\t\t\t\t<a href=\"https:\/\/songfestival.be\/kandidaten\/59432\/\"><h3>TVORCHI<br \/>Heart of Steel<\/h3><\/a>\n\t\t\t\t\t<\/div>\t\t\t\t\t\t\t\n\t\t\t\t<\/div>\t\t\t\t\t\t\t\t\t\t\t\t\t                      \n\t\t\t\t<\/div>\n","protected":false},"excerpt":{"rendered":"<p>Hoeveel punten geef jij aan de inzending van vandaag?<\/p>\n","protected":false},"author":12914,"featured_media":62695,"comment_status":"open","ping_status":"closed","sticky":false,"template":"","format":"standard","meta":{"_mi_skip_tracking":false,"_monsterinsights_sitenote_active":false,"_monsterinsights_sitenote_note":"","_monsterinsights_sitenote_category":0},"categories":[6477,1767,368],"tags":[6020,6021,2807,2113,254,6186,6244,3400,6245,219,17,6247,4925,4926,6284,6283,5802,6128,19,6190,6242,6246,6243],"_links":{"self":[{"href":"https:\/\/songfestival.be\/fr\/wp-json\/wp\/v2\/posts\/63079"}],"collection":[{"href":"https:\/\/songfestival.be\/fr\/wp-json\/wp\/v2\/posts"}],"about":[{"href":"https:\/\/songfestival.be\/fr\/wp-json\/wp\/v2\/types\/post"}],"author":[{"embeddable":true,"href":"https:\/\/songfestival.be\/fr\/wp-json\/wp\/v2\/users\/12914"}],"replies":[{"embeddable":true,"href":"https:\/\/songfestival.be\/fr\/wp-json\/wp\/v2\/comments?post=63079"}],"version-history":[{"count":6,"href":"https:\/\/songfestival.be\/fr\/wp-json\/wp\/v2\/posts\/63079\/revisions"}],"predecessor-version":[{"id":63300,"href":"https:\/\/songfestival.be\/fr\/wp-json\/wp\/v2\/posts\/63079\/revisions\/63300"}],"wp:featuredmedia":[{"embeddable":true,"href":"https:\/\/songfestival.be\/fr\/wp-json\/wp\/v2\/media\/62695"}],"wp:attachment":[{"href":"https:\/\/songfestival.be\/fr\/wp-json\/wp\/v2\/media?parent=63079"}],"wp:term":[{"taxonomy":"category","embeddable":true,"href":"https:\/\/songfestival.be\/fr\/wp-json\/wp\/v2\/categories?post=63079"},{"taxonomy":"post_tag","embeddable":true,"href":"https:\/\/songfestival.be\/fr\/wp-json\/wp\/v2\/tags?post=63079"}],"curies":[{"name":"wp","href":"https:\/\/api.w.org\/{rel}","templated":true}]}}