{"id":7478,"date":"2016-04-15T13:40:45","date_gmt":"2016-04-15T11:40:45","guid":{"rendered":"https:\/\/songfestival.be\/?p=7478"},"modified":"2016-04-18T20:48:08","modified_gmt":"2016-04-18T18:48:08","slug":"songfestivalpodium-globen-krijgt-vorm","status":"publish","type":"post","link":"https:\/\/songfestival.be\/fr\/stockholm2016\/songfestivalpodium-globen-krijgt-vorm\/","title":{"rendered":"Sc\u00e8ne de l&rsquo;Eurovision avec la chanson prend forme"},"content":{"rendered":"<p style=\"color: #D49D6E; font-weight: bold;\" class=\"post-p-lead\">Malheureusement, cet article n&rsquo;est pas disponible en fran&ccedil;ais et a &eacute;t&eacute; automatiquement traduit. Veuillez visiter notre <a href=\"http:\/\/songfestival.be\/fr\/\">page d&rsquo;accueil<\/a> pour tout article en fran&ccedil;ais ou ayez un aper&ccedil;u de tous nos articles en fran&ccedil;ais <a href=\"http:\/\/songfestival.be\/fr\/francais\">ici<\/a>.<\/p>\n<p>Dans la capitale su\u00e9doise Stockholm sont les pr\u00e9paratifs pour le prochain concours Eurovision de la chanson en plein essor. La sc\u00e8ne se forme.<\/p>\n<p>L&rsquo;Eurovision song contest cette ann\u00e9e, tout comme en 2000, place dans la chanson. C&rsquo;est le plus grand b\u00e2timent sph\u00e9rique du monde et peut accueillir plus de 16000 personnes. <em>M &#038; M Productions<\/em> est responsable de l&rsquo;\u00e9tape et conserve le red\u00e9marrage d&rsquo;un <a href=\"http:\/\/m-m-pr.com\/index.php\/eurovision-diary-2016\" target=\"_blank\">Journal<\/a> qui pr\u00e9tend suivre.<\/p>\n<blockquote class=\"twitter-tweet\" data-width=\"500\" data-dnt=\"true\">\n<p lang=\"en\" dir=\"ltr\">The <a href=\"https:\/\/twitter.com\/hashtag\/Eurovision?src=hash&amp;ref_src=twsrc%5Etfw\">#Eurovision<\/a> Stage in progress! ?? <a href=\"https:\/\/twitter.com\/hashtag\/escSE?src=hash&amp;ref_src=twsrc%5Etfw\">#escSE<\/a> <a href=\"https:\/\/twitter.com\/hashtag\/esc2016?src=hash&amp;ref_src=twsrc%5Etfw\">#esc2016<\/a> <a href=\"https:\/\/t.co\/g1tufxV7gk\">pic.twitter.com\/g1tufxV7gk<\/a><\/p>\n<p>&mdash; Melodifestivalen (@SVTmelfest) <a href=\"https:\/\/twitter.com\/SVTmelfest\/status\/720887452664209408?ref_src=twsrc%5Etfw\">April 15, 2016<\/a><\/p><\/blockquote>\n<p><script async src=\"https:\/\/platform.twitter.com\/widgets.js\" charset=\"utf-8\"><\/script><\/p>\n<blockquote class=\"twitter-tweet\" data-width=\"500\" data-dnt=\"true\">\n<p lang=\"en\" dir=\"ltr\">Photos from Globen Arena in Stockholm: stage construction <a href=\"https:\/\/twitter.com\/hashtag\/esc2016?src=hash&amp;ref_src=twsrc%5Etfw\">#esc2016<\/a> <a href=\"https:\/\/twitter.com\/hashtag\/Eurovision?src=hash&amp;ref_src=twsrc%5Etfw\">#Eurovision<\/a> <a href=\"https:\/\/t.co\/ocBYLCDrNX\">pic.twitter.com\/ocBYLCDrNX<\/a><\/p>\n<p>&mdash; Always Eurovision (@alwaysESC) <a href=\"https:\/\/twitter.com\/alwaysESC\/status\/720601785266737153?ref_src=twsrc%5Etfw\">April 14, 2016<\/a><\/p><\/blockquote>\n<p><script async src=\"https:\/\/platform.twitter.com\/widgets.js\" charset=\"utf-8\"><\/script><\/p>\n","protected":false},"excerpt":{"rendered":"<p>Premi\u00e8res images de la sc\u00e8ne il.<\/p>\n","protected":false},"author":14,"featured_media":7479,"comment_status":"open","ping_status":"closed","sticky":false,"template":"","format":"standard","meta":{"_mi_skip_tracking":false,"_monsterinsights_sitenote_active":false,"_monsterinsights_sitenote_note":"","_monsterinsights_sitenote_category":0},"categories":[9],"tags":[17,1458,19,1457],"_links":{"self":[{"href":"https:\/\/songfestival.be\/fr\/wp-json\/wp\/v2\/posts\/7478"}],"collection":[{"href":"https:\/\/songfestival.be\/fr\/wp-json\/wp\/v2\/posts"}],"about":[{"href":"https:\/\/songfestival.be\/fr\/wp-json\/wp\/v2\/types\/post"}],"author":[{"embeddable":true,"href":"https:\/\/songfestival.be\/fr\/wp-json\/wp\/v2\/users\/14"}],"replies":[{"embeddable":true,"href":"https:\/\/songfestival.be\/fr\/wp-json\/wp\/v2\/comments?post=7478"}],"version-history":[{"count":0,"href":"https:\/\/songfestival.be\/fr\/wp-json\/wp\/v2\/posts\/7478\/revisions"}],"wp:featuredmedia":[{"embeddable":true,"href":"https:\/\/songfestival.be\/fr\/wp-json\/wp\/v2\/media\/7479"}],"wp:attachment":[{"href":"https:\/\/songfestival.be\/fr\/wp-json\/wp\/v2\/media?parent=7478"}],"wp:term":[{"taxonomy":"category","embeddable":true,"href":"https:\/\/songfestival.be\/fr\/wp-json\/wp\/v2\/categories?post=7478"},{"taxonomy":"post_tag","embeddable":true,"href":"https:\/\/songfestival.be\/fr\/wp-json\/wp\/v2\/tags?post=7478"}],"curies":[{"name":"wp","href":"https:\/\/api.w.org\/{rel}","templated":true}]}}