{"id":7655,"date":"2016-04-22T15:52:50","date_gmt":"2016-04-22T13:52:50","guid":{"rendered":"https:\/\/songfestival.be\/?p=7655"},"modified":"2016-04-28T16:38:02","modified_gmt":"2016-04-28T14:38:02","slug":"teruggetrokken-songfestivallanden-en-songs-een-overzicht","status":"publish","type":"post","link":"https:\/\/songfestival.be\/fr\/ex-deelnemers\/teruggetrokken-songfestivallanden-en-songs-een-overzicht\/","title":{"rendered":"chants et \u00e0 la retraite : un aper\u00e7u"},"content":{"rendered":"<p style=\"color: #D49D6E; font-weight: bold;\" class=\"post-p-lead\">Malheureusement, cet article n&rsquo;est pas disponible en fran&ccedil;ais et a &eacute;t&eacute; automatiquement traduit. Veuillez visiter notre <a href=\"http:\/\/songfestival.be\/fr\/\">page d&rsquo;accueil<\/a> pour tout article en fran&ccedil;ais ou ayez un aper&ccedil;u de tous nos articles en fran&ccedil;ais <a href=\"http:\/\/songfestival.be\/fr\/francais\">ici<\/a>.<\/p>\n<p>La disqualification de l&rsquo;Anton roumain Ovidiu et son <em>Moment de Silence <\/em>est venu juste trois semaines avant la finale du concours Eurovision de la chanson. Cependant, il n&rsquo;est pas la premi\u00e8re fois que le pseudo est tu\u00e9e dans un autre pays et concours de l&rsquo;Eurovision Song. Un aper\u00e7u des d\u00e9cisions ant\u00e9rieures dans lesquelles un pays ne pouvaient pas participer.<\/p>\n<p><strong>1974 : France<\/strong><\/p>\n<p>En 1974 le Fran\u00e7ais serait repr\u00e9sent\u00e9e au concours Eurovision de la chanson \u00e0 Brighton par la chanteuse Dani et sa chanson <em>La vie \u00e0 25 ans<\/em>. Mais le Pr\u00e9sident Fran\u00e7ais puis Georges Pompidou a jet\u00e9 une cl\u00e9 dans les \u0153uvres, par seulement quatre jours avant la finale d&rsquo;Eurovision inopin\u00e9ment mourir. Le diffuseur Fran\u00e7ais ne jugeait pas plus appropri\u00e9 de jours de deuil \u00e0 prendre part \u00e0 un festival de la chanson et la gauche Dani d\u00e9but retour dans sa patrie.<\/p>\n<div class=\"youtube\" data-embed=\"8ln9_vbBqwA\" data-time=\"0\">\n<div class=\"play-button\">\n<img class=\"play-button\" alt=\"play\" src=\"https:\/\/songfestival.be\/wp-content\/themes\/songfestival\/img\/play.svg\" \/>\n<\/div>\n<\/div>\n<p><strong>1976 : Malte<\/strong><\/p>\n<p>En 1976, avait l&rsquo;\u00eele Malte Enzo Gusman avec <em>Chanter votre chanson <\/em>s\u00e9lectionn\u00e9e, mais en fin de compte lui permettait sa chanson toujours pas chanter sur le festival de la chanson \u00e0 la Haye. La raison pourquoi ne fut jamais publi\u00e9 jusqu&rsquo;en 1991, et Malte reviendrait au concours.<\/p>\n<div class=\"youtube\" data-embed=\"DCsXo6umMS4\" data-time=\"0\">\n<div class=\"play-button\">\n<img class=\"play-button\" alt=\"play\" src=\"https:\/\/songfestival.be\/wp-content\/themes\/songfestival\/img\/play.svg\" \/>\n<\/div>\n<\/div>\n<p><strong>1979 : Turquie<\/strong><\/p>\n<p>Apr\u00e8s l&rsquo;Eurovision isra\u00e9lien victoire en 1978 a \u00e9t\u00e9 le temps long si la Turquie comme un pays musulman prendraient part \u00e0 une \u00e9dition qui se tiendra la pr\u00e9dominance juive isra\u00e9lienne. Le radiodiffuseur a d\u00e9cid\u00e9 de participer quand m\u00eame, et la finale nationale a \u00e9t\u00e9 remport\u00e9e par la chanteuse Maria Rita Epik et le groupe des 21. Peron avec leur chanson <em>Seviyorum<\/em>. Les pays arabes environnants, qui ont une beaucoup plus pauvre que la caution profane avec Isra\u00ebl avait mis tellement de pression sur la Turquie, raisonnablement le pays \u00e0 se retirer, qui dans le Nick \u00e9tait encore en dehors de la participation.<\/p>\n<div class=\"youtube\" data-embed=\"bRbfw-8zTzA\" data-time=\"0\">\n<div class=\"play-button\">\n<img class=\"play-button\" alt=\"play\" src=\"https:\/\/songfestival.be\/wp-content\/themes\/songfestival\/img\/play.svg\" \/>\n<\/div>\n<\/div>\n<p><strong>1982 et 1986 : la Gr\u00e8ce<\/strong><\/p>\n<p>Sur quatre ans, les Grecs eux-m\u00eames deux fois dans le Pseudo retour. Juste quelques semaines avant la comp\u00e9tition a eu lieu en 1982 et pour une raison inconnue, en 1986 parce que la date de la clashte de concours avec ceux d&rsquo;un religieux local de vacances. Pour ces deux ann\u00e9es ont \u00e9t\u00e9 artiste et la chanson, cependant, d\u00e9j\u00e0 choisis quand encore il a \u00e9t\u00e9 d\u00e9cid\u00e9 d&rsquo;envoyer un chat grecque. THEMIS Adamantidis et Polina voyais si une participation de l&rsquo;Eurovision \u00e0 leur nez en passant et la connaissance des t\u00e9l\u00e9spectateurs europ\u00e9ens n&rsquo;a jamais faits avec <em>Sarantapente kopelies <\/em>et <em>Wagon lit<\/em>.<\/p>\n<div class=\"youtube\" data-embed=\"WcMHLVgEK_8\" data-time=\"0\">\n<div class=\"play-button\">\n<img class=\"play-button\" alt=\"play\" src=\"https:\/\/songfestival.be\/wp-content\/themes\/songfestival\/img\/play.svg\" \/>\n<\/div>\n<\/div>\n<div class=\"youtube\" data-embed=\"2zJtoeKxD9Q\" data-time=\"0\">\n<div class=\"play-button\">\n<img class=\"play-button\" alt=\"play\" src=\"https:\/\/songfestival.be\/wp-content\/themes\/songfestival\/img\/play.svg\" \/>\n<\/div>\n<\/div>\n<p><strong>1988 : Chypre<\/strong><\/p>\n<p>Apr\u00e8s les deux retraits de la Gr\u00e8ce pourraient tra\u00eene pas derri\u00e8re l&rsquo;\u00eele de Chypre. La ronde pr\u00e9liminaire locale en 1988 a \u00e9t\u00e9 remport\u00e9e par Yiannis Demetriou et la chanson <em>Thimame<\/em>, et au d\u00e9part, il n&rsquo;y avait pas de probl\u00e8me. Chypre a \u00e9t\u00e9 dessin\u00e9 pour agir en tant que deuxi\u00e8me au concours Eurovision de la chanson \u00e0 Dublin, et la chanson appara\u00eet sur la compilation officieuse CD qui ont \u00e9t\u00e9 imprim\u00e9s dans les pays scandinaves. Quelques semaines seulement avant la finale a lumi\u00e8re qui d\u00e9j\u00e0 troisi\u00e8me <em>Thimame <\/em>avait abouti \u00e0 la chypriote pour tour de 1984, rendant l&rsquo;entreprendre pays oblig\u00e9 de battre en retraite.<\/p>\n<div class=\"youtube\" data-embed=\"ZdONBQa6ZxA\" data-time=\"0\">\n<div class=\"play-button\">\n<img class=\"play-button\" alt=\"play\" src=\"https:\/\/songfestival.be\/wp-content\/themes\/songfestival\/img\/play.svg\" \/>\n<\/div>\n<\/div>\n<p><strong>2005 : Liban<\/strong><\/p>\n<p>Liban participerait en 2005 pour la premi\u00e8re fois au concours Eurovision de la chanson. Le chanteur libano-Fran\u00e7ais Aline Lahoud a \u00e9t\u00e9 renvoy\u00e9 \u00e0 l&rsquo;interne du pays pour repr\u00e9senter avec la chanson parlant Fran\u00e7ais <em>Quant tout pr\u00e9sence<\/em>. Quand l&rsquo;UER a \u00e9t\u00e9 inform\u00e9 de l&rsquo;intention de la radiodiffusion libanais vers Isra\u00ebl pas \u00e0 diffuser toute suggestion de l&rsquo;ennemi et remplacez-la par la publicit\u00e9, Liban invite a \u00e9t\u00e9 disqualifi\u00e9 et suspendu pour trois ans, afin de prendre part au concours Eurovision de la chanson. Depuis lors, le pays n&rsquo;a jamais essay\u00e9 de participer.<\/p>\n<div class=\"youtube\" data-embed=\"BP979AMuuP8\" data-time=\"0\">\n<div class=\"play-button\">\n<img class=\"play-button\" alt=\"play\" src=\"https:\/\/songfestival.be\/wp-content\/themes\/songfestival\/img\/play.svg\" \/>\n<\/div>\n<\/div>\n<p><strong>2009 : Georgia<\/strong><\/p>\n<p>En 2009 les G\u00e9orgiens sont rest\u00e9s en extremis \u00e0 domicile pour des raisons politiques : la chaleur locale d&rsquo;Eurovision a \u00e9t\u00e9 remport\u00e9e par le groupe 3 g (photo) et leur chanson intitul\u00e9e <em>Nous n&rsquo;avons pas envie de mettre en<\/em>, une pas trop subtile r\u00e9f\u00e9rence au premier ministre russe Vladimir Putin et sa politique militaire agressive dans l&rsquo;Oss\u00e9tie du Sud g\u00e9orgien \u00e0 l&rsquo;\u00e9t\u00e9 2008. L&rsquo;UER avait exig\u00e9 cette diffusion GPB ou le texte s\u00e9lectionn\u00e9 chang\u00e9 ou par un num\u00e9ro diff\u00e9rent, sur lequel le GPB a d\u00e9cid\u00e9 de rester \u00e0 la maison.<\/p>\n<div class=\"youtube\" data-embed=\"5P6-7Rw4xug\" data-time=\"0\">\n<div class=\"play-button\">\n<img class=\"play-button\" alt=\"play\" src=\"https:\/\/songfestival.be\/wp-content\/themes\/songfestival\/img\/play.svg\" \/>\n<\/div>\n<\/div>\n<p><strong>2016 : Roumanie<\/strong><\/p>\n<p>Et le dernier cas est connu. La t\u00e9l\u00e9vision roumaine que TVR a une \u00e9norme pile de dette accumul\u00e9e au fil des dix derni\u00e8res ann\u00e9es \u00e0 l&rsquo;UER, qui a d\u00e9cid\u00e9 ce que sera l&rsquo;avait \u00e9t\u00e9. Le TVR est maintenant supprim\u00e9 comme membre actif de l&rsquo;UER et donc interdit du concours Eurovision de la chanson. Le diffuseur peut diffuser le concours encore plus. Chanteuse Ovidiu Anton est assis dans le m\u00eame bateau que Dani, Enzo et les autres et ne doit pas participer, malgr\u00e9 que sa chanson \u00e9tait d\u00e9j\u00e0 choisi.<\/p>\n<div class=\"youtube\" data-embed=\"MpfCufKRrcA\" data-time=\"0\">\n<div class=\"play-button\">\n<img class=\"play-button\" alt=\"play\" src=\"https:\/\/songfestival.be\/wp-content\/themes\/songfestival\/img\/play.svg\" \/>\n<\/div>\n<\/div>\n","protected":false},"excerpt":{"rendered":"<p>Diff\u00e9rents chanteurs a subi le m\u00eame sort que Ovidiu Anton dans le pass\u00e9.<\/p>\n","protected":false},"author":5,"featured_media":7657,"comment_status":"open","ping_status":"closed","sticky":false,"template":"","format":"standard","meta":{"_mi_skip_tracking":false,"_monsterinsights_sitenote_active":false,"_monsterinsights_sitenote_note":"","_monsterinsights_sitenote_category":0},"categories":[37],"tags":[177,468,1839,621,219,49,320,470,1840,138,1841,1827,683,19,819,695,1826],"_links":{"self":[{"href":"https:\/\/songfestival.be\/fr\/wp-json\/wp\/v2\/posts\/7655"}],"collection":[{"href":"https:\/\/songfestival.be\/fr\/wp-json\/wp\/v2\/posts"}],"about":[{"href":"https:\/\/songfestival.be\/fr\/wp-json\/wp\/v2\/types\/post"}],"author":[{"embeddable":true,"href":"https:\/\/songfestival.be\/fr\/wp-json\/wp\/v2\/users\/5"}],"replies":[{"embeddable":true,"href":"https:\/\/songfestival.be\/fr\/wp-json\/wp\/v2\/comments?post=7655"}],"version-history":[{"count":0,"href":"https:\/\/songfestival.be\/fr\/wp-json\/wp\/v2\/posts\/7655\/revisions"}],"wp:featuredmedia":[{"embeddable":true,"href":"https:\/\/songfestival.be\/fr\/wp-json\/wp\/v2\/media\/7657"}],"wp:attachment":[{"href":"https:\/\/songfestival.be\/fr\/wp-json\/wp\/v2\/media?parent=7655"}],"wp:term":[{"taxonomy":"category","embeddable":true,"href":"https:\/\/songfestival.be\/fr\/wp-json\/wp\/v2\/categories?post=7655"},{"taxonomy":"post_tag","embeddable":true,"href":"https:\/\/songfestival.be\/fr\/wp-json\/wp\/v2\/tags?post=7655"}],"curies":[{"name":"wp","href":"https:\/\/api.w.org\/{rel}","templated":true}]}}