{"id":85054,"date":"2026-08-31T07:00:46","date_gmt":"2026-08-31T05:00:46","guid":{"rendered":"https:\/\/songfestival.be\/?p=85054"},"modified":"2026-08-31T07:29:18","modified_gmt":"2026-08-31T05:29:18","slug":"dsvs-opinie-editie-kleine-meerderheid-wil-dat-vrt-deelneemt-aan-songfestival-2027","status":"publish","type":"post","link":"https:\/\/songfestival.be\/fr\/dsvs-2026\/dsvs-opinie-editie-kleine-meerderheid-wil-dat-vrt-deelneemt-aan-songfestival-2027\/","title":{"rendered":"Kleine meerderheid Belgische Songfestivalfans wil dat VRT deelneemt in 2027"},"content":{"rendered":"<p class=\"post-p-lead\">In samenwerking met het Nederlandse <a href=\"https:\/\/www.songfestivalweblog.nl\/\" target=\"_blank\" rel=\"noopener\">Songfestivalweblog.nl<\/a> vroeg Songfestival.be naar jouw mening over het aankomende Eurovisiesongfestival. Moet VRT volgens jou deelnemen in Bulgarije? Moet Nederland terugkeren op het festival? We kregen bijna 500 reacties: &lsquo;Het Songfestival is niet politiek.&rsquo;<\/p>\n<p><strong>De Stem van Songfestival.be<\/strong> (DSVS) ken je als d\u00e9 zoektocht naar het Songfestivalliedje van het jaar.<\/p>\n<p>In 2025 organiseerde deze website een <strong>speciale opinie-editie<\/strong> waarin we je vroegen naar de mening van Belgische en Nederlandse fans over het festival, de deelname van Belgi\u00eb en Nederland en overige zaken die veel stof deden opwaaien, zoals de deelname van Isra\u00ebl en het stemsysteem.<\/p>\n<p>Een meerderheid van de Belgische en Nederlandse fans stond <a href=\"https:\/\/songfestival.be\/dsvs-2025\/dsvs-opinie-editie-meerderheid-fans-wil-belgische-en-nederlandse-deelname-in-2026\/\" target=\"_blank\" rel=\"noopener\">een jaar geleden<\/a> <strong>achter een deelname van Belgi\u00eb en Nederland<\/strong>.<\/p>\n<p>Afgelopen maand organiseerden we in samenwerking met onze Nederlandse collega&rsquo;s van Songfestivalweblog.nl een nieuwe editie. We hielden de vraagstelling simpeler: <strong>wat met de Lage Landen op het Songfestival 2027 in Burgas?<\/strong><\/p>\n<p><em><strong>Kleine meerderheid Belgische fans hoopt op Vlaamse deelname in Bulgarije<\/strong><\/em><\/p>\n<p>Aan de Reyerslaan sprak men al tijdens het afgelopen Songfestival duidelijke <strong><a href=\"https:\/\/songfestival.be\/landen\/be\/vrt-over-deelname-songfestival-2027-als-ebu-positie-niet-verandert-is-kans-klein\/\" target=\"_blank\" rel=\"noopener\">twijfels<\/a><\/strong> uit over een Songfestivaldeelname in 2027.<\/p>\n<p>Het is dus goed mogelijk dat <em>Strobe Lights<\/em> van Red Sebastian (foto) de <strong>voorlopig laatste Vlaamse Songfestivalinzending<\/strong> blijft.<\/p>\n<p><iframe loading=\"lazy\" title=\"Red Sebastian - Strobe Lights (LIVE) | Belgium \ud83c\udde7\ud83c\uddea | First Semi-Final | Eurovision 2025\" width=\"500\" height=\"281\" src=\"https:\/\/www.youtube.com\/embed\/fl4LaADiLBY?feature=oembed\" frameborder=\"0\" allow=\"accelerometer; autoplay; clipboard-write; encrypted-media; gyroscope; picture-in-picture; web-share\" referrerpolicy=\"strict-origin-when-cross-origin\" allowfullscreen><\/iframe><\/p>\n<p>Uit de 248 antwoorden van Belgische Songfestivalfans op onze enqu\u00eate blijkt dat iets meer dan de helft (52%) vindt dat de Vlaamse omroep <strong>een kandidaat naar Bulgarije moet sturen<\/strong>.<\/p>\n<p>Bijna 40% van de reacties geeft aan dat VRT <strong>thuis zou moeten blijven<\/strong>. Zo&rsquo;n 8% heeft geen duidelijke mening.<\/p>\n<p>Wanneer we ook de resultaten uit Nederland en andere landen meetellen, wil 53,3% dat VRT voor Belgi\u00eb deelneemt aan het Songfestival 2027.<\/p>\n<p><em><strong>Antwoorden uit Belgi\u00eb:<\/strong><\/em><\/p>\n<p><img loading=\"lazy\" decoding=\"async\" class=\"alignnone wp-image-85063 size-large\" src=\"https:\/\/songfestival.be\/wp-content\/uploads\/2026\/08\/sitebrvrt-1024x576.jpg\" alt=\"\" width=\"1024\" height=\"576\" srcset=\"https:\/\/songfestival.be\/wp-content\/uploads\/2026\/08\/sitebrvrt-1024x576.jpg 1024w, https:\/\/songfestival.be\/wp-content\/uploads\/2026\/08\/sitebrvrt-300x169.jpg 300w, https:\/\/songfestival.be\/wp-content\/uploads\/2026\/08\/sitebrvrt-768x432.jpg 768w, https:\/\/songfestival.be\/wp-content\/uploads\/2026\/08\/sitebrvrt.jpg 1280w\" sizes=\"auto, (max-width: 1024px) 100vw, 1024px\" \/><\/p>\n<p><em><strong>Alle antwoorden:<\/strong><\/em><\/p>\n<p><img loading=\"lazy\" decoding=\"async\" class=\"alignnone wp-image-85060 size-large\" src=\"https:\/\/songfestival.be\/wp-content\/uploads\/2026\/08\/sitearvrt-1024x576.jpg\" alt=\"\" width=\"1024\" height=\"576\" srcset=\"https:\/\/songfestival.be\/wp-content\/uploads\/2026\/08\/sitearvrt-1024x576.jpg 1024w, https:\/\/songfestival.be\/wp-content\/uploads\/2026\/08\/sitearvrt-300x169.jpg 300w, https:\/\/songfestival.be\/wp-content\/uploads\/2026\/08\/sitearvrt-768x432.jpg 768w, https:\/\/songfestival.be\/wp-content\/uploads\/2026\/08\/sitearvrt.jpg 1280w\" sizes=\"auto, (max-width: 1024px) 100vw, 1024px\" \/><\/p>\n<p>Ondanks dat verschillende respondenten toelichten dat hun keuze v\u00f3\u00f3r een deelname van de VRT is gebaseerd op hun <strong>liefde voor het Songfestival<\/strong>, wordt bij zowel v\u00f3\u00f3r als tegenstemmers regelmatig een link gelegd naar de aanwezigheid van Isra\u00ebl op het festival en gewapende conflicten.<\/p>\n<p>Meerdere respondenten die volgend jaar een Vlaamse artiest naar het festival willen zien gaan, zien <strong>geen verband tussen het Songfestival en politieke spanningen<\/strong>: &lsquo;Muziek, kunst en sport moeten ALTIJD los staan van politiek, dus ook het Eurovisiesongfestival&rsquo;, klinkt het bijvoorbeeld.<\/p>\n<p>Tegenstanders wijzen weer w\u00e9l naar de <strong>politieke situatie in het Midden-Oosten<\/strong>:<\/p>\n<blockquote><p><span data-sheets-root=\"1\">&lsquo;Zolang Isra\u00ebl meedoet en oorlogsmisdaden blijft uitvoeren moeten we niet meedoen.&rsquo;<\/span><\/p><\/blockquote>\n<p>Toch zijn er ook Belgische fans die een VRT-deelname juist zien als een middel om een <strong>verschil te maken<\/strong>.<\/p>\n<blockquote><p>&lsquo;Ik zou het begrijpen wanneer de VRT niet meedoet maar ik zou het ook wel spijtig vinden omdat de EBU wel maatregelen genomen heeft. Ze gaan Isra\u00ebl voorlopig niet uitsluiten dus ik zeg daarom eerder &lsquo;ja&rsquo; op een deelname.<\/p>\n<p>Door deelname kunnen we misschien meer een verschil maken in plaats van ons terug te trekken.&rsquo;<\/p><\/blockquote>\n<p>Ook wordt er in de reacties verwezen naar <strong>hoop<\/strong> en de Songfestivalslogan <strong><em>United by Music<\/em><\/strong>:<\/p>\n<blockquote><p>&lsquo;Het Eurovisiesongfestival gaat door een moeilijke fase. Toch vind ik dat Belgi\u00eb moeten blijven meedoen omdat het Songfestival ook staat voor hoop, eenheid en vooruitgang in Europa.<\/p>\n<p>Het heeft zoveel mooie momenten gekend en ik vind dat je politiek achterwege moet proberen te laten, hoe moeilijk dat ook is.<\/p>\n<p>Het Songfestival is nog een van de weinige evenementen of gebeurtenissen die Europa verenigt.&rsquo;<\/p><\/blockquote>\n<p><em><strong>Verdeeldheid over Waalse deelname wanneer VRT thuisblijft<\/strong><\/em><\/p>\n<p>Mocht de VRT ervoor kiezen om geen artiest naar Bulgarije te sturen, zijn de meningen over of de Waalse omroep <strong>RTBF<\/strong> moet inspringen verdeeld.<\/p>\n<p>Uit bijna de helft (48.8%) van de antwoorden blijkt dat RTBF de Songfestivaldeelname <strong>niet zou moeten overnemen<\/strong>.<\/p>\n<blockquote><p><span data-sheets-root=\"1\">&lsquo;Dit maakt het signaal van een boycot volledig ongedaan, voor de EBU en naar de buitenwereld verandert er niets en blijft Belgi\u00eb gewoon deelnemen. Enkel binnen Belgi\u00eb zal dit gevoeld worden.&rsquo;<\/span><\/p><\/blockquote>\n<p>Zo&rsquo;n <strong>39% is wel voorstander<\/strong>: <span data-sheets-root=\"1\">&lsquo;Belgi\u00eb hoort gewoon thuis op het festival. Wil VRT niet, dan RTBF.&rsquo;<\/span><\/p>\n<p>12,1% heeft <strong>geen (duidelijke) mening<\/strong> over een eventuele overname vanuit Walloni\u00eb.<\/p>\n<p>Wanneer we ook reacties buiten Belgi\u00eb meetellen, blijven de verschillen klein.<\/p>\n<p><em><strong>Antwoorden uit Belgi\u00eb:<\/strong><\/em><\/p>\n<p><img loading=\"lazy\" decoding=\"async\" class=\"alignnone wp-image-85059 size-large\" src=\"https:\/\/songfestival.be\/wp-content\/uploads\/2026\/08\/sitebrrtbf-1024x576.jpg\" alt=\"\" width=\"1024\" height=\"576\" srcset=\"https:\/\/songfestival.be\/wp-content\/uploads\/2026\/08\/sitebrrtbf-1024x576.jpg 1024w, https:\/\/songfestival.be\/wp-content\/uploads\/2026\/08\/sitebrrtbf-300x169.jpg 300w, https:\/\/songfestival.be\/wp-content\/uploads\/2026\/08\/sitebrrtbf-768x432.jpg 768w, https:\/\/songfestival.be\/wp-content\/uploads\/2026\/08\/sitebrrtbf.jpg 1280w\" sizes=\"auto, (max-width: 1024px) 100vw, 1024px\" \/><\/p>\n<p><em><strong>Alle antwoorden:<\/strong><\/em><\/p>\n<p><img loading=\"lazy\" decoding=\"async\" class=\"alignnone wp-image-85058 size-large\" src=\"https:\/\/songfestival.be\/wp-content\/uploads\/2026\/08\/sitearrtbf-1024x576.jpg\" alt=\"\" width=\"1024\" height=\"576\" srcset=\"https:\/\/songfestival.be\/wp-content\/uploads\/2026\/08\/sitearrtbf-1024x576.jpg 1024w, https:\/\/songfestival.be\/wp-content\/uploads\/2026\/08\/sitearrtbf-300x169.jpg 300w, https:\/\/songfestival.be\/wp-content\/uploads\/2026\/08\/sitearrtbf-768x432.jpg 768w, https:\/\/songfestival.be\/wp-content\/uploads\/2026\/08\/sitearrtbf.jpg 1280w\" sizes=\"auto, (max-width: 1024px) 100vw, 1024px\" \/><\/p>\n<p><em><strong>Nederlandse fans verdeeld over deelname AVROTROS in 2027<\/strong><\/em><\/p>\n<p>De Nederlandse omroep AVROTROS bracht eerder deze maand al naar buiten dat hij na de afwezigheid tijdens het festival dit jaar, <a href=\"https:\/\/songfestival.be\/landen\/nl\/avrotros-haakt-af-voor-songfestival-2027\/\" target=\"_blank\" rel=\"noopener\"><strong>niet zal terugkeren<\/strong><\/a> op het Songfestival 2027.<\/p>\n<p>De omroep geeft de verantwoordelijkheid voor de Nederlandse deelname terug aan de overkoepelende omroeporganisatie <strong>NPO<\/strong>, die het vervolg voor 2027 zal moeten bepalen.<\/p>\n<p>De <strong>laatste deelname<\/strong> van AVROTROS dateert uit 2025.<\/p>\n<p><iframe loading=\"lazy\" title=\"Claude - C&amp;apos;est La Vie (LIVE) | Netherlands \ud83c\uddf3\ud83c\uddf1 | Grand Final | Eurovision 2025\" width=\"500\" height=\"281\" src=\"https:\/\/www.youtube.com\/embed\/LiTQVJwxvfE?feature=oembed\" frameborder=\"0\" allow=\"accelerometer; autoplay; clipboard-write; encrypted-media; gyroscope; picture-in-picture; web-share\" referrerpolicy=\"strict-origin-when-cross-origin\" allowfullscreen><\/iframe><\/p>\n<p>Op de vraag uit ons onderzoek of AVROTROS zou moeten deelnemen aan het aankomende Songfestival, liggen de antwoorden <strong>heel dicht bij elkaar<\/strong>. De beslissing vanuit de omroep werd gecommuniceerd tijdens de looptijd van ons onderzoek.<\/p>\n<p>In totaal ontvingen we 203 reacties uit Nederland. 41,9% pleitte voor een <strong>terugkeer van AVROTROS<\/strong>. 41,4% vond dat de Nederlandse omroep opnieuw zou moeten thuisblijven.<\/p>\n<p><strong>16,7% had geen mening<\/strong> over de aanwezigheid van AVROTROS in Burgas.<\/p>\n<p><strong>Opvallend:<\/strong> wanneer we de reacties uit Belgi\u00eb en andere landen meenemen, stijgt het percentage van tegenstemmers licht.<\/p>\n<p><em><strong>Antwoorden uit Nederland:<\/strong><\/em><\/p>\n<p><img loading=\"lazy\" decoding=\"async\" class=\"alignnone wp-image-85061 size-large\" src=\"https:\/\/songfestival.be\/wp-content\/uploads\/2026\/08\/sitenravrotros-1024x576.jpg\" alt=\"\" width=\"1024\" height=\"576\" srcset=\"https:\/\/songfestival.be\/wp-content\/uploads\/2026\/08\/sitenravrotros-1024x576.jpg 1024w, https:\/\/songfestival.be\/wp-content\/uploads\/2026\/08\/sitenravrotros-300x169.jpg 300w, https:\/\/songfestival.be\/wp-content\/uploads\/2026\/08\/sitenravrotros-768x432.jpg 768w, https:\/\/songfestival.be\/wp-content\/uploads\/2026\/08\/sitenravrotros.jpg 1280w\" sizes=\"auto, (max-width: 1024px) 100vw, 1024px\" \/><\/p>\n<p><em><strong>Alle antwoorden:<\/strong><\/em><\/p>\n<p><img loading=\"lazy\" decoding=\"async\" class=\"alignnone wp-image-85070 size-large\" src=\"https:\/\/songfestival.be\/wp-content\/uploads\/2026\/08\/sitearavrotros-1-1024x576.jpg\" alt=\"\" width=\"1024\" height=\"576\" srcset=\"https:\/\/songfestival.be\/wp-content\/uploads\/2026\/08\/sitearavrotros-1-1024x576.jpg 1024w, https:\/\/songfestival.be\/wp-content\/uploads\/2026\/08\/sitearavrotros-1-300x169.jpg 300w, https:\/\/songfestival.be\/wp-content\/uploads\/2026\/08\/sitearavrotros-1-768x432.jpg 768w, https:\/\/songfestival.be\/wp-content\/uploads\/2026\/08\/sitearavrotros-1.jpg 1280w\" sizes=\"auto, (max-width: 1024px) 100vw, 1024px\" \/><\/p>\n<p>Verschillende respondenten die achter de keuze van de omroep staan om niet terug te keren op de liedjeswedstrijd, verwijzen naar de toelichting voor de <strong>boycot<\/strong> van AVROTROS in 2026.<\/p>\n<blockquote><p><span data-sheets-root=\"1\">&lsquo;AVROTROS laat zien voor welke waarden hij staat en dat is bewonderenswaardig. Het durft de EBU een spiegel voor te houden ten aanzien van het gebrek aan moraliteit.&rsquo;<\/span><\/p><\/blockquote>\n<p>Uit verschillende reacties van voorstanders van een deelname van de omroep die de afgelopen jaren verantwoordelijk is geweest voor de Nederlandse Songfestivaldeelname, blijkt dat zij van mening zijn dat de omroep het festival <strong>z\u00e9lf politiek heeft gemaakt<\/strong>.<\/p>\n<blockquote><p>&lsquo;Omdat AVROTROS het evenement zelf politiek heeft gemaakt, kunnen ze niet terug zonder gezichtsverlies te lijden. Mijns inziens kan de NPO het overnemen.&rsquo;<\/p><\/blockquote>\n<p><em><strong>Kleine meerderheid Nederlandse fans hoopt op overname andere omroep<\/strong><\/em><\/p>\n<div id=\"docs-recommendations-initialization\" data-initial-recommendations=\"%.@.[[[null,\">De roep om de overname vanuit een andere omroep, blijkt dan ook vanuit een kleine meerderheid van de antwoorden te komen.<\/div>\n<p>51,2% zou graag een <strong>andere Nederlandse omroep<\/strong> zien inspringen. Nederlandse fans denken aan bijvoorbeeld Omroep MAX, of aan de NOS, dat het festival dit jaar uitzond.<\/p>\n<blockquote><p>&lsquo;Liefst &lsquo;gewoon&rsquo; de NOS, die als nationale omroep ook alle andere internationale gebeurtenissen (zoals WK Voetbal, Olympische Spelen etc.) met nationaal belang uitzendt. De NOS heeft nooit een politiek standpunt ingenomen als landen als Iran en Isra\u00ebl deelnamen aan sportevenementen dus zal (moet) dat ook voor het Songfestival niet doen.&rsquo;<\/p><\/blockquote>\n<p>Bijna 39% van de reacties heeft niet de wens voor een overname vanuit een andere omroep en staat dus achter een <strong>volledige boycot<\/strong>: &lsquo;Hiermee ondermijn je de stelling van de AVROTROS.&rsquo;<\/p>\n<p>Wanneer we ook naar de antwoorden buiten Nederland kijken, liggen de percentages iets lager.<\/p>\n<p><em><strong>Antwoorden uit Nederland:<\/strong><\/em><\/p>\n<p><img loading=\"lazy\" decoding=\"async\" class=\"alignnone wp-image-85062 size-large\" src=\"https:\/\/songfestival.be\/wp-content\/uploads\/2026\/08\/sitenrnpo-1024x576.jpg\" alt=\"\" width=\"1024\" height=\"576\" srcset=\"https:\/\/songfestival.be\/wp-content\/uploads\/2026\/08\/sitenrnpo-1024x576.jpg 1024w, https:\/\/songfestival.be\/wp-content\/uploads\/2026\/08\/sitenrnpo-300x169.jpg 300w, https:\/\/songfestival.be\/wp-content\/uploads\/2026\/08\/sitenrnpo-768x432.jpg 768w, https:\/\/songfestival.be\/wp-content\/uploads\/2026\/08\/sitenrnpo.jpg 1280w\" sizes=\"auto, (max-width: 1024px) 100vw, 1024px\" \/><\/p>\n<p><em><strong>Alle antwoorden:<\/strong><\/em><\/p>\n<p><img loading=\"lazy\" decoding=\"async\" class=\"alignnone wp-image-85057 size-large\" src=\"https:\/\/songfestival.be\/wp-content\/uploads\/2026\/08\/sitearnpo-1024x576.jpg\" alt=\"\" width=\"1024\" height=\"576\" srcset=\"https:\/\/songfestival.be\/wp-content\/uploads\/2026\/08\/sitearnpo-1024x576.jpg 1024w, https:\/\/songfestival.be\/wp-content\/uploads\/2026\/08\/sitearnpo-300x169.jpg 300w, https:\/\/songfestival.be\/wp-content\/uploads\/2026\/08\/sitearnpo-768x432.jpg 768w, https:\/\/songfestival.be\/wp-content\/uploads\/2026\/08\/sitearnpo.jpg 1280w\" sizes=\"auto, (max-width: 1024px) 100vw, 1024px\" \/><\/p>\n<p><strong><em>DSVS \u2013 Opinie-editie &#8211; info<\/em><\/strong><\/p>\n<p>In augustus 2026 konden lezers van Songfestival.be en Songfestivalweblog.nl een enqu\u00eate invullen over de Songfestivaldeelnames van Belgi\u00eb en Nederland. In totaal ontvingen we <strong>248 reacties uit Belgi\u00eb en 203 reacties uit Nederland<\/strong>. 12 reacties kwamen uit andere landen.<\/p>\n<p><strong>We kunnen niet stellen dat deze resultaten noodzakelijk representatief zijn<\/strong> voor de hele Songfestivalcommunity, maar ze geven wel een beeld van wat de lezers van Songfestival.be en Songfestivalweblog.nl over de de deelname van de Lage Landen denken.<\/p>\n<p>De beslissing van de Nederlandse omroep AVROTROS om niet deel te nemen in 2027, werd gecommuniceerd <strong>gedurende de looptijd<\/strong> van onze enqu\u00eate.<\/p>\n","protected":false},"excerpt":{"rendered":"<p>In Nederland hoopt een kleine meerderheid dat een andere omroep de Songfestivaldeelname van AVROTROS overneemt.<\/p>\n","protected":false},"author":46516,"featured_media":79272,"comment_status":"open","ping_status":"closed","sticky":false,"template":"","format":"standard","meta":{"_mi_skip_tracking":false,"_monsterinsights_sitenote_active":false,"_monsterinsights_sitenote_note":"","_monsterinsights_sitenote_category":0,"footnotes":""},"categories":[7604,3],"tags":[7117,7171,6020,6021,2807,2113,254,6633,7079,3052,6626,3400,6628,219,17,6630,4925,4926,6309,6627,3507,6909,19,6634,7170,6624,6632,6631,2216,6625,6629,1291,7085,591],"class_list":["post-85054","post","type-post","status-publish","format-standard","has-post-thumbnail","hentry","category-dsvs-2026","category-frontpage-main","tag-basel","tag-bazel","tag-belgie-eurosong","tag-belgie-songfestival","tag-esc","tag-esf","tag-eurosong","tag-eurosong-2024-belgie","tag-eurosong-2025","tag-eurosong-belgie","tag-eurosong-zweden","tag-eurosongfestival","tag-eurosongfestival-2024","tag-eurovisiesongfestival","tag-eurovision","tag-eurovision-sweden","tag-gastland-songfestival","tag-gaststad-songfestival","tag-gustaph","tag-loreen-eurovision","tag-nederland-songfestival","tag-nemo","tag-songfestival","tag-songfestival-2024-belgie","tag-songfestival-2025","tag-songfestival-zweden","tag-stockholm-eurosong","tag-stockholm-songfestival","tag-suisse","tag-sweden-2023","tag-sweden-songfestival","tag-switzerland","tag-vrt-songfestival","tag-zwitserland"],"translation":{"provider":"WPGlobus","version":"3.0.5","language":"fr","enabled_languages":["nl","fr","en"],"languages":{"nl":{"title":true,"content":true,"excerpt":true},"fr":{"title":false,"content":false,"excerpt":false},"en":{"title":false,"content":false,"excerpt":false}}},"_links":{"self":[{"href":"https:\/\/songfestival.be\/fr\/wp-json\/wp\/v2\/posts\/85054","targetHints":{"allow":["GET"]}}],"collection":[{"href":"https:\/\/songfestival.be\/fr\/wp-json\/wp\/v2\/posts"}],"about":[{"href":"https:\/\/songfestival.be\/fr\/wp-json\/wp\/v2\/types\/post"}],"author":[{"embeddable":true,"href":"https:\/\/songfestival.be\/fr\/wp-json\/wp\/v2\/users\/46516"}],"replies":[{"embeddable":true,"href":"https:\/\/songfestival.be\/fr\/wp-json\/wp\/v2\/comments?post=85054"}],"version-history":[{"count":11,"href":"https:\/\/songfestival.be\/fr\/wp-json\/wp\/v2\/posts\/85054\/revisions"}],"predecessor-version":[{"id":85076,"href":"https:\/\/songfestival.be\/fr\/wp-json\/wp\/v2\/posts\/85054\/revisions\/85076"}],"wp:featuredmedia":[{"embeddable":true,"href":"https:\/\/songfestival.be\/fr\/wp-json\/wp\/v2\/media\/79272"}],"wp:attachment":[{"href":"https:\/\/songfestival.be\/fr\/wp-json\/wp\/v2\/media?parent=85054"}],"wp:term":[{"taxonomy":"category","embeddable":true,"href":"https:\/\/songfestival.be\/fr\/wp-json\/wp\/v2\/categories?post=85054"},{"taxonomy":"post_tag","embeddable":true,"href":"https:\/\/songfestival.be\/fr\/wp-json\/wp\/v2\/tags?post=85054"}],"curies":[{"name":"wp","href":"https:\/\/api.w.org\/{rel}","templated":true}]}}