{"id":856,"date":"2015-10-13T18:35:32","date_gmt":"2015-10-13T16:35:32","guid":{"rendered":"https:\/\/songfestival.be\/?p=856"},"modified":"2015-11-16T10:31:05","modified_gmt":"2015-11-16T09:31:05","slug":"iveta-mukuchyan-zingt-voor-armenie","status":"publish","type":"post","link":"https:\/\/songfestival.be\/fr\/stockholm2016\/iveta-mukuchyan-zingt-voor-armenie\/","title":{"rendered":"Iveta Mukuchyan chante pour l&rsquo;Arm\u00e9nie"},"content":{"rendered":"<p style=\"color: #D49D6E; font-weight: bold;\" class=\"post-p-lead\">Malheureusement, cet article n&rsquo;est pas disponible en fran&ccedil;ais et a &eacute;t&eacute; automatiquement traduit. Veuillez visiter notre <a href=\"https:\/\/songfestival.be\/fr\/\">page d&rsquo;accueil<\/a> pour tout article en fran&ccedil;ais ou ayez un aper&ccedil;u de tous nos articles en fran&ccedil;ais <a href=\"https:\/\/songfestival.be\/fr\/francais\">ici<\/a>.<\/p>\n<div id=\"fb-root\"><\/div>\n<p class=\"lead\">Le 29-year-old Iveta Mukuchyan a \u00e9t\u00e9 choisi en interne par la t\u00e9l\u00e9vision arm\u00e9nienne, radiodiffusion, AMPTV, lui pour repr\u00e9senter son pays au concours Eurovision de la chanson de l&rsquo;ann\u00e9e prochaine. Ce rapport eurovision.tv.<\/p>\n<p>MUKUCHYAN est n\u00e9 en Arm\u00e9nie, mais a d\u00e9m\u00e9nag\u00e9 avec sa famille en Allemagne. L\u00e0, elle a v\u00e9cu vingt ans, mais par la suite, elle revint dans sa patrie. En 2012 ils ont encore particip\u00e9 \u00e0 la version allemande du t\u00e9l\u00e9-crochet <em>The Voice<\/em>, et l\u00e0 ils ruaient il les spectacles vivants. Voici un extrait de son action par l&rsquo; <strong><em>euphorie<\/em><\/strong>de la Loreens :<\/p>\n<div class=\"fitvids-video\">\n<div class=\"container-lazyload preview-lazyload container-youtube\"><a class=\"lazy-load-youtube preview-lazyload preview-youtube\" href=\"https:\/\/www.youtube.com\/watch?v=8efkftevlLs\" video-title=\"Iveta Mukuchyan: Euphoria bei The Voice of Germany\" title=\"Play Video \"Iveta Mukuchyan: Euphoria bei The Voice of Germany\"\" style=\"text-decoration:none;color:#000\">https:\/\/www.youtube.com\/watch?v=8efkftevlLs<\/a><\/div>\n<\/p><\/div>\n<p><p>Radiodiffuseur arm\u00e9nienne a fait \u00e9quipe avec la publication de l&rsquo;inscription de Mukuchyan ouverte pour les sc\u00e9naristes de partout dans le monde pour le nombre appropri\u00e9 d&rsquo;Eurovision. Au 13 novembre peuvent \u00eatre envoy\u00e9es par courriel \u00e0 <a href=\"mailto:selection@armtv.com\">selection@armtv.com<\/a>. On trouvera plus d&rsquo;informations sur <a href=\"http:\/\/www.eurovision.am\/\" target=\"_blank\">le site officiel de l&rsquo;Eurovision arm\u00e9nienne<\/a>.<\/p>\n<p>Le festival de la chanson pr\u00e9c\u00e9dente Qu&rsquo;arm\u00e9nie \u00e9tait repr\u00e9sent\u00e9 par l&rsquo;international Groupe g\u00e9n\u00e9alogie. Avec <em>Visage l&rsquo;ombre <\/em>qu&rsquo;ils ont continu\u00e9 \u00e0 accrocher dans la bride interm\u00e9diaire, avec une seizi\u00e8me place.<\/p>\n<div class=\"fitvids-video\">\n<div class=\"container-lazyload preview-lazyload container-youtube\"><a class=\"lazy-load-youtube preview-lazyload preview-youtube\" href=\"https:\/\/www.youtube.com\/watch?v=rZV_I78imsM\" video-title=\"It's Iveta Mukuchyan for Armenia in the 2016 Eurovision Song Contest!\" title=\"Play Video \"It's Iveta Mukuchyan for Armenia in the 2016 Eurovision Song Contest!\"\" style=\"text-decoration:none;color:#000\">https:\/\/www.youtube.com\/watch?v=rZV_I78imsM<\/a><\/div>\n<\/p><\/div>\n","protected":false},"excerpt":{"rendered":"<p>Elle accepte les num\u00e9ros de writers de texte de partout dans le monde.<\/p>\n","protected":false},"author":5,"featured_media":857,"comment_status":"open","ping_status":"closed","sticky":false,"template":"","format":"standard","meta":{"_mi_skip_tracking":false,"_monsterinsights_sitenote_active":false,"_monsterinsights_sitenote_note":"","_monsterinsights_sitenote_category":0,"footnotes":""},"categories":[325,9],"tags":[285,390,288,172],"class_list":["post-856","post","type-post","status-publish","format-standard","has-post-thumbnail","hentry","category-am","category-stockholm2016","tag-armenie","tag-eurovisiesongfestival-2016","tag-iveta-mukuchyan","tag-songfestival-2016"],"_links":{"self":[{"href":"https:\/\/songfestival.be\/fr\/wp-json\/wp\/v2\/posts\/856"}],"collection":[{"href":"https:\/\/songfestival.be\/fr\/wp-json\/wp\/v2\/posts"}],"about":[{"href":"https:\/\/songfestival.be\/fr\/wp-json\/wp\/v2\/types\/post"}],"author":[{"embeddable":true,"href":"https:\/\/songfestival.be\/fr\/wp-json\/wp\/v2\/users\/5"}],"replies":[{"embeddable":true,"href":"https:\/\/songfestival.be\/fr\/wp-json\/wp\/v2\/comments?post=856"}],"version-history":[{"count":0,"href":"https:\/\/songfestival.be\/fr\/wp-json\/wp\/v2\/posts\/856\/revisions"}],"wp:featuredmedia":[{"embeddable":true,"href":"https:\/\/songfestival.be\/fr\/wp-json\/wp\/v2\/media\/857"}],"wp:attachment":[{"href":"https:\/\/songfestival.be\/fr\/wp-json\/wp\/v2\/media?parent=856"}],"wp:term":[{"taxonomy":"category","embeddable":true,"href":"https:\/\/songfestival.be\/fr\/wp-json\/wp\/v2\/categories?post=856"},{"taxonomy":"post_tag","embeddable":true,"href":"https:\/\/songfestival.be\/fr\/wp-json\/wp\/v2\/tags?post=856"}],"curies":[{"name":"wp","href":"https:\/\/api.w.org\/{rel}","templated":true}]}}