{"id":9993,"date":"2016-05-27T16:30:02","date_gmt":"2016-05-27T14:30:02","guid":{"rendered":"https:\/\/songfestival.be\/?p=9993"},"modified":"2016-06-13T12:20:10","modified_gmt":"2016-06-13T10:20:10","slug":"meerderheid-van-russen-voor-terugtrekking-uit-songfestival","status":"publish","type":"post","link":"https:\/\/songfestival.be\/fr\/landen\/ru\/meerderheid-van-russen-voor-terugtrekking-uit-songfestival\/","title":{"rendered":"Majorit\u00e9 des russes pour le retrait de l\u2019Eurovision"},"content":{"rendered":"<p style=\"color: #D49D6E; font-weight: bold;\" class=\"post-p-lead\">Malheureusement, cet article n&rsquo;est pas disponible en fran&ccedil;ais et a &eacute;t&eacute; automatiquement traduit. Veuillez visiter notre <a href=\"http:\/\/songfestival.be\/fr\/\">page d&rsquo;accueil<\/a> pour tout article en fran&ccedil;ais ou ayez un aper&ccedil;u de tous nos articles en fran&ccedil;ais <a href=\"http:\/\/songfestival.be\/fr\/francais\">ici<\/a>.<\/p>\n<p>Une majorit\u00e9 de 52 % de la population russe s\u2019est exprim\u00e9e comme un partisan au pays l\u2019an prochain pour participer au concours Eurovision de la chanson qui se tiendra dans l\u2019Ukraine voisine.<\/p>\n<p>La <em>Russie Public Opinion Research Center<\/em>, une firme d\u2019\u00e9tudes de march\u00e9 qui est d\u00e9tenue par l\u2019Etat russe, 1600 russes interrog\u00e9s, issus de partout au pays, r\u00e9partis sur le dernier festival de la chanson. Cette enqu\u00eate survient apr\u00e8s les autorit\u00e9s ukrainiennes aurait \u00e9t\u00e9 avaient sugg\u00e9r\u00e9 que les chanteurs russes de refuser l\u2019acc\u00e8s \u00e0 l\u2019Ukraine &laquo;&nbsp;en raison des raisons politiques&nbsp;&raquo;, qu\u2019une participation de Eurovision serait difficile pour le pays d\u00e9j\u00e0 tr\u00e8s.<\/p>\n<p>Sur la question de si oui ou non la Russie devrait participer l\u2019an prochain, 52 % des personnes interrog\u00e9es ont r\u00e9pondu que que mieux n\u2019arriverait pas. 37 % croit qu\u2019oui et 11 % \u00e9taient sans opinion sur la question. Seulement un cinqui\u00e8me des r\u00e9pondants d\u2019accord avec victoire par Jamala et <em>1944<\/em>. Deux-tiers est m\u00eame convaincu que l\u2019Ukraine n\u2019a pas gagn\u00e9 par la chanteuse ou la chanson, mais par les &lsquo;sentiments anti-russe qui pr\u00e9vaut en Occident&nbsp;&raquo;.<\/p>\n<p>Enfin les Russes 1600 \u00e9taient \u00e9galement plomb\u00e9s \u00e0 leur examen de l\u2019\u00e9quit\u00e9 du vote. 51 % des personnes interrog\u00e9es ont consid\u00e9r\u00e9 le t\u00e9l\u00e9vote comme injuste et pas moins de 80 % a conclu que le jury vote. Ou le fait qu\u2019un membre du jury russe a \u00e9t\u00e9 supprim\u00e9 parce que ce sont des fragments de l\u2019opinion d\u2019elle-m\u00eame et ses coll\u00e8gues avaient diffus\u00e9 le p\u00e9riscope est apparu, est inconnu.<\/p>\n<p>Cette ann\u00e9e, la chanteuse russe Sergey Lazarev, a termin\u00e9 troisi\u00e8me du classement g\u00e9n\u00e9ral, bien qu\u2019il gagne le t\u00e9l\u00e9vote. Qui et la victoire de l\u2019Ukraine, de toutes choses, semble avoir touch\u00e9 un nerf parmi beaucoup de russes. Ou le pays prendront part au concours Eurovision de la chanson l\u2019ann\u00e9e prochaine, reste \u00e0 voir.<\/p>\n","protected":false},"excerpt":{"rendered":"<p>Sauma \u00e9galement vainqueur ils sont insatisfaits.<\/p>\n","protected":false},"author":5,"featured_media":8049,"comment_status":"open","ping_status":"closed","sticky":false,"template":"","format":"standard","meta":{"_mi_skip_tracking":false,"_monsterinsights_sitenote_active":false,"_monsterinsights_sitenote_note":"","_monsterinsights_sitenote_category":0},"categories":[361,9],"tags":[1519,177,254,219,1517,218,67,952,19,2012],"_links":{"self":[{"href":"https:\/\/songfestival.be\/fr\/wp-json\/wp\/v2\/posts\/9993"}],"collection":[{"href":"https:\/\/songfestival.be\/fr\/wp-json\/wp\/v2\/posts"}],"about":[{"href":"https:\/\/songfestival.be\/fr\/wp-json\/wp\/v2\/types\/post"}],"author":[{"embeddable":true,"href":"https:\/\/songfestival.be\/fr\/wp-json\/wp\/v2\/users\/5"}],"replies":[{"embeddable":true,"href":"https:\/\/songfestival.be\/fr\/wp-json\/wp\/v2\/comments?post=9993"}],"version-history":[{"count":0,"href":"https:\/\/songfestival.be\/fr\/wp-json\/wp\/v2\/posts\/9993\/revisions"}],"wp:featuredmedia":[{"embeddable":true,"href":"https:\/\/songfestival.be\/fr\/wp-json\/wp\/v2\/media\/8049"}],"wp:attachment":[{"href":"https:\/\/songfestival.be\/fr\/wp-json\/wp\/v2\/media?parent=9993"}],"wp:term":[{"taxonomy":"category","embeddable":true,"href":"https:\/\/songfestival.be\/fr\/wp-json\/wp\/v2\/categories?post=9993"},{"taxonomy":"post_tag","embeddable":true,"href":"https:\/\/songfestival.be\/fr\/wp-json\/wp\/v2\/tags?post=9993"}],"curies":[{"name":"wp","href":"https:\/\/api.w.org\/{rel}","templated":true}]}}